{"id":882,"date":"2022-09-08T09:37:54","date_gmt":"2022-09-08T09:37:54","guid":{"rendered":"https:\/\/ajanskale.com\/?p=882"},"modified":"2022-09-08T12:01:36","modified_gmt":"2022-09-08T12:01:36","slug":"savas-geyik-askon-kirikkale-sube-baskani-oldu","status":"publish","type":"post","link":"https:\/\/ajanskale.com\/index.php\/2022\/09\/08\/savas-geyik-askon-kirikkale-sube-baskani-oldu\/","title":{"rendered":"Sava\u015f Geyik ASKON K\u0131r\u0131kkale \u015eube Ba\u015fkan\u0131 Oldu"},"content":{"rendered":"<div class=\"single_icerik_inner\">\n<p>ASKON\u2019da ba\u015fkanl\u0131k de\u011fi\u015fimi ya\u015fand\u0131.<\/p>\n<p>Timu\u00e7in Ba\u011fba\u015f\u0131\u2019n\u0131n istifa etmesi \u00fczerine ASKON K\u0131r\u0131kkale \u015eube Ba\u015fkanl\u0131\u011f\u0131\u2019na y\u00f6netim kurulunun oy birli\u011fi ile Geyik Grup Y\u00f6netim Kurulu Ba\u015fkan\u0131 Sava\u015f Geyik se\u00e7ildi.<\/p>\n<p>ASKON Genel Merkezi de Sava\u015f Geyik\u2019in Ba\u015fkanl\u0131\u011f\u0131 onayland\u0131.<\/p>\n<p>ASKON\u2019da Ba\u015fkan Yard\u0131mc\u0131s\u0131 ve Te\u015fkilatlanma Ba\u015fkan\u0131 olarak g\u00f6rev yapan Sava\u015f Geyik ayn\u0131 zamanda DE\u0130K T\u00fcrkiye-\u0130rlanda \u0130\u015f Konseyi Y\u00f6netim Kurulu \u00fcyeli\u011finde bulunuyor.<\/p>\n<\/div>\n<div class=\"single_interesting_content\">\n<div class=\"single_interesting_content_contents\"><\/div>\n<\/div>\n<p>&nbsp;<\/p>\n","protected":false},"excerpt":{"rendered":"<p>ASKON\u2019da ba\u015fkanl\u0131k de\u011fi\u015fimi ya\u015fand\u0131. Timu\u00e7in Ba\u011fba\u015f\u0131\u2019n\u0131n istifa etmesi \u00fczerine ASKON K\u0131r\u0131kkale \u015eube Ba\u015fkanl\u0131\u011f\u0131\u2019na y\u00f6netim kurulunun oy birli\u011fi ile Geyik Grup Y\u00f6netim Kurulu Ba\u015fkan\u0131 Sava\u015f Geyik se\u00e7ildi. ASKON Genel Merkezi de Sava\u015f Geyik\u2019in Ba\u015fkanl\u0131\u011f\u0131 onayland\u0131. ASKON\u2019da Ba\u015fkan Yard\u0131mc\u0131s\u0131 ve Te\u015fkilatlanma Ba\u015fkan\u0131 olarak g\u00f6rev yapan Sava\u015f Geyik ayn\u0131 zamanda DE\u0130K T\u00fcrkiye-\u0130rlanda \u0130\u015f Konseyi Y\u00f6netim Kurulu \u00fcyeli\u011finde bulunuyor. &hellip;<\/p>\n","protected":false},"author":3,"featured_media":884,"comment_status":"open","ping_status":"closed","sticky":false,"template":"","format":"standard","meta":{"_bbp_topic_count":0,"_bbp_reply_count":0,"_bbp_total_topic_count":0,"_bbp_total_reply_count":0,"_bbp_voice_count":0,"_bbp_anonymous_reply_count":0,"_bbp_topic_count_hidden":0,"_bbp_reply_count_hidden":0,"_bbp_forum_subforum_count":0,"footnotes":""},"categories":[1],"tags":[],"class_list":["post-882","post","type-post","status-publish","format-standard","has-post-thumbnail","hentry","category-manset"],"amp_enabled":true,"_links":{"self":[{"href":"https:\/\/ajanskale.com\/index.php\/wp-json\/wp\/v2\/posts\/882","targetHints":{"allow":["GET"]}}],"collection":[{"href":"https:\/\/ajanskale.com\/index.php\/wp-json\/wp\/v2\/posts"}],"about":[{"href":"https:\/\/ajanskale.com\/index.php\/wp-json\/wp\/v2\/types\/post"}],"author":[{"embeddable":true,"href":"https:\/\/ajanskale.com\/index.php\/wp-json\/wp\/v2\/users\/3"}],"replies":[{"embeddable":true,"href":"https:\/\/ajanskale.com\/index.php\/wp-json\/wp\/v2\/comments?post=882"}],"version-history":[{"count":1,"href":"https:\/\/ajanskale.com\/index.php\/wp-json\/wp\/v2\/posts\/882\/revisions"}],"predecessor-version":[{"id":885,"href":"https:\/\/ajanskale.com\/index.php\/wp-json\/wp\/v2\/posts\/882\/revisions\/885"}],"wp:featuredmedia":[{"embeddable":true,"href":"https:\/\/ajanskale.com\/index.php\/wp-json\/wp\/v2\/media\/884"}],"wp:attachment":[{"href":"https:\/\/ajanskale.com\/index.php\/wp-json\/wp\/v2\/media?parent=882"}],"wp:term":[{"taxonomy":"category","embeddable":true,"href":"https:\/\/ajanskale.com\/index.php\/wp-json\/wp\/v2\/categories?post=882"},{"taxonomy":"post_tag","embeddable":true,"href":"https:\/\/ajanskale.com\/index.php\/wp-json\/wp\/v2\/tags?post=882"}],"curies":[{"name":"wp","href":"https:\/\/api.w.org\/{rel}","templated":true}]}}