{"id":811,"date":"2022-09-02T17:44:33","date_gmt":"2022-09-02T17:44:33","guid":{"rendered":"https:\/\/ajanskale.com\/?p=811"},"modified":"2022-09-02T17:44:33","modified_gmt":"2022-09-02T17:44:33","slug":"ahmet-onal-kirikkalede-bakimi-yapilmayan-su-patlaklarini-yerinde-inceledi","status":"publish","type":"post","link":"https:\/\/ajanskale.com\/index.php\/2022\/09\/02\/ahmet-onal-kirikkalede-bakimi-yapilmayan-su-patlaklarini-yerinde-inceledi\/","title":{"rendered":"Ahmet \u00d6nal K\u0131r\u0131kkale\u2019de Bak\u0131m\u0131 Yap\u0131lmayan Su Patlaklar\u0131n\u0131 Yerinde \u0130nceledi."},"content":{"rendered":"<h2 class=\"jeg_post_subtitle\">Cumhuriyet Halk Partisi (CHP) K\u0131r\u0131kkale Milletvekili Av. Ahmet \u00d6nal, K\u0131r\u0131kkale\u2019de su patlaklar\u0131 ile ilgili yerinde inceleme yaparak; \u201cMaalesef K\u0131r\u0131kkalemizde musluktan ak\u0131t\u0131lamayan su caddelerde sokaklarda bo\u015fa ak\u0131yor.\u201d dedi.<\/h2>\n<p>Chp K\u0131r\u0131kkale milletvekili \u00d6nal; inceleme sonras\u0131 yapt\u0131\u011f\u0131 a\u00e7\u0131klamada \u015fu ifadelere yer verdi;<\/p>\n<div class=\"jeg_ad jeg_ad_article jnews_content_inline_ads  \">\n<div class=\"ads-wrapper align-right \">\n<div class=\"ads_google_ads\"><\/div>\n<\/div>\n<\/div>\n<p>Bug\u00fcn Sanayi Mahallesi 1476. Sokaktay\u0131z. Sorun yine kronikle\u015fen su patlaklar\u0131. G\u00fcnlerdir \u015febeke suyu soka\u011fa, caddeye ak\u0131yor.<\/p>\n<p>Vatanda\u015flar\u0131m\u0131z bir\u00e7ok kez Belediye yetkililerini arayarak sorunu \u015fikayet etmi\u015f. Ancak belediye yetkililerinden ald\u0131klar\u0131 cevap \u015fu \u015fekilde \u201d\u015eehrin her yerinde su patlaklar\u0131 var yeti\u015femiyoruz.\u201d oluyormu\u015f.<\/p>\n","protected":false},"excerpt":{"rendered":"<p>Cumhuriyet Halk Partisi (CHP) K\u0131r\u0131kkale Milletvekili Av. Ahmet \u00d6nal, K\u0131r\u0131kkale\u2019de su patlaklar\u0131 ile ilgili yerinde inceleme yaparak; \u201cMaalesef K\u0131r\u0131kkalemizde musluktan ak\u0131t\u0131lamayan su caddelerde sokaklarda bo\u015fa ak\u0131yor.\u201d dedi. Chp K\u0131r\u0131kkale milletvekili \u00d6nal; inceleme sonras\u0131 yapt\u0131\u011f\u0131 a\u00e7\u0131klamada \u015fu ifadelere yer verdi; Bug\u00fcn Sanayi Mahallesi 1476. Sokaktay\u0131z. Sorun yine kronikle\u015fen su patlaklar\u0131. G\u00fcnlerdir \u015febeke suyu soka\u011fa, caddeye ak\u0131yor. &hellip;<\/p>\n","protected":false},"author":3,"featured_media":812,"comment_status":"open","ping_status":"closed","sticky":false,"template":"","format":"standard","meta":{"_bbp_topic_count":0,"_bbp_reply_count":0,"_bbp_total_topic_count":0,"_bbp_total_reply_count":0,"_bbp_voice_count":0,"_bbp_anonymous_reply_count":0,"_bbp_topic_count_hidden":0,"_bbp_reply_count_hidden":0,"_bbp_forum_subforum_count":0,"footnotes":""},"categories":[1],"tags":[],"class_list":["post-811","post","type-post","status-publish","format-standard","has-post-thumbnail","hentry","category-manset"],"amp_enabled":true,"_links":{"self":[{"href":"https:\/\/ajanskale.com\/index.php\/wp-json\/wp\/v2\/posts\/811","targetHints":{"allow":["GET"]}}],"collection":[{"href":"https:\/\/ajanskale.com\/index.php\/wp-json\/wp\/v2\/posts"}],"about":[{"href":"https:\/\/ajanskale.com\/index.php\/wp-json\/wp\/v2\/types\/post"}],"author":[{"embeddable":true,"href":"https:\/\/ajanskale.com\/index.php\/wp-json\/wp\/v2\/users\/3"}],"replies":[{"embeddable":true,"href":"https:\/\/ajanskale.com\/index.php\/wp-json\/wp\/v2\/comments?post=811"}],"version-history":[{"count":1,"href":"https:\/\/ajanskale.com\/index.php\/wp-json\/wp\/v2\/posts\/811\/revisions"}],"predecessor-version":[{"id":813,"href":"https:\/\/ajanskale.com\/index.php\/wp-json\/wp\/v2\/posts\/811\/revisions\/813"}],"wp:featuredmedia":[{"embeddable":true,"href":"https:\/\/ajanskale.com\/index.php\/wp-json\/wp\/v2\/media\/812"}],"wp:attachment":[{"href":"https:\/\/ajanskale.com\/index.php\/wp-json\/wp\/v2\/media?parent=811"}],"wp:term":[{"taxonomy":"category","embeddable":true,"href":"https:\/\/ajanskale.com\/index.php\/wp-json\/wp\/v2\/categories?post=811"},{"taxonomy":"post_tag","embeddable":true,"href":"https:\/\/ajanskale.com\/index.php\/wp-json\/wp\/v2\/tags?post=811"}],"curies":[{"name":"wp","href":"https:\/\/api.w.org\/{rel}","templated":true}]}}