{"id":793,"date":"2022-08-05T11:53:00","date_gmt":"2022-08-05T11:53:00","guid":{"rendered":"https:\/\/ajanskale.com\/?p=793"},"modified":"2022-08-05T11:53:00","modified_gmt":"2022-08-05T11:53:00","slug":"keskin-ilcemize-halk-bankasi-geliyor","status":"publish","type":"post","link":"https:\/\/ajanskale.com\/index.php\/2022\/08\/05\/keskin-ilcemize-halk-bankasi-geliyor\/","title":{"rendered":"Keskin \u0130l\u00e7emize Halk Bankas\u0131 Geliyor."},"content":{"rendered":"<div class=\"kvgmc6g5 cxmmr5t8 oygrvhab hcukyx3x c1et5uql ii04i59q\">\n<div dir=\"auto\">Ak Parti \u0130l Ba\u015fkan\u0131 Kaplan Sosyal Maedya Hesabndan yapt\u0131\u011f\u0131 a\u00e7\u0131klamada \u015fu ifadelerde bulundu;<\/div>\n<div dir=\"auto\">Birlik beraberligimizin meyvelerini almaya devam ediyoruz.<\/div>\n<div dir=\"auto\">Enerjimizi milletimizin huzur ve refah\u0131 i\u00e7in harciyoruz.<\/div>\n<\/div>\n<div class=\"cxmmr5t8 oygrvhab hcukyx3x c1et5uql o9v6fnle ii04i59q\">\n<div dir=\"auto\">Keskin \u0130l\u00e7emizde \u0130\u015f Bankas\u0131 ve Denizbank \u015eubesinin kapanmas\u0131 \u00fczerine, Milletvekilimiz ,Belediye Ba\u015fkan\u0131m\u0131z, Keskin Kaymakam\u0131m\u0131z, \u0130l\u00e7e Ba\u015fkan\u0131m\u0131z ve Keskin Esnaf Kefalet Kooperatif Baskanimizla yo\u011fun giri\u015fimlerimiz sonucu Halkbankas\u0131 Keskin&#8217;e \u015fube a\u00e7\u0131l\u0131\u015f\u0131n\u0131 ger\u00e7ekle\u015ftiriyor. Halkbankasi Genel M\u00fcd\u00fcr\u00fcm\u00fcz&#8217;\u00fcn talimatlar\u0131 \u00fczerine Keskin \u0130l\u00e7emizde Halkbankas\u0131 1.&#8217;inci B\u00f6lge Koordinat\u00f6r\u00fc Kubilay \u00d6zdol ile bir araya geldik. \u015eube a\u00e7\u0131l\u0131\u015f\u0131 i\u00e7in yer tesbiti yap\u0131ld\u0131. Yak\u0131n zamanda Halkbankas\u0131 \u015eubesi Keskinli hem\u015fehrilerimize hizmet vermeye ba\u015flayacak.<\/div>\n<\/div>\n<div class=\"cxmmr5t8 oygrvhab hcukyx3x c1et5uql o9v6fnle ii04i59q\">\n<div dir=\"auto\">Desteklerinden \u00f6t\u00fcr\u00fc Halkbankas\u0131 Genel M\u00fcd\u00fcr\u00fcm\u00fcze, te\u015fekk\u00fcr ediyorum.<\/div>\n<\/div>\n","protected":false},"excerpt":{"rendered":"<p>Ak Parti \u0130l Ba\u015fkan\u0131 Kaplan Sosyal Maedya Hesabndan yapt\u0131\u011f\u0131 a\u00e7\u0131klamada \u015fu ifadelerde bulundu; Birlik beraberligimizin meyvelerini almaya devam ediyoruz. Enerjimizi milletimizin huzur ve refah\u0131 i\u00e7in harciyoruz. Keskin \u0130l\u00e7emizde \u0130\u015f Bankas\u0131 ve Denizbank \u015eubesinin kapanmas\u0131 \u00fczerine, Milletvekilimiz ,Belediye Ba\u015fkan\u0131m\u0131z, Keskin Kaymakam\u0131m\u0131z, \u0130l\u00e7e Ba\u015fkan\u0131m\u0131z ve Keskin Esnaf Kefalet Kooperatif Baskanimizla yo\u011fun giri\u015fimlerimiz sonucu Halkbankas\u0131 Keskin&#8217;e \u015fube a\u00e7\u0131l\u0131\u015f\u0131n\u0131 &hellip;<\/p>\n","protected":false},"author":3,"featured_media":794,"comment_status":"open","ping_status":"closed","sticky":false,"template":"","format":"standard","meta":{"_bbp_topic_count":0,"_bbp_reply_count":0,"_bbp_total_topic_count":0,"_bbp_total_reply_count":0,"_bbp_voice_count":0,"_bbp_anonymous_reply_count":0,"_bbp_topic_count_hidden":0,"_bbp_reply_count_hidden":0,"_bbp_forum_subforum_count":0,"footnotes":""},"categories":[1],"tags":[],"class_list":["post-793","post","type-post","status-publish","format-standard","has-post-thumbnail","hentry","category-manset"],"amp_enabled":true,"_links":{"self":[{"href":"https:\/\/ajanskale.com\/index.php\/wp-json\/wp\/v2\/posts\/793","targetHints":{"allow":["GET"]}}],"collection":[{"href":"https:\/\/ajanskale.com\/index.php\/wp-json\/wp\/v2\/posts"}],"about":[{"href":"https:\/\/ajanskale.com\/index.php\/wp-json\/wp\/v2\/types\/post"}],"author":[{"embeddable":true,"href":"https:\/\/ajanskale.com\/index.php\/wp-json\/wp\/v2\/users\/3"}],"replies":[{"embeddable":true,"href":"https:\/\/ajanskale.com\/index.php\/wp-json\/wp\/v2\/comments?post=793"}],"version-history":[{"count":1,"href":"https:\/\/ajanskale.com\/index.php\/wp-json\/wp\/v2\/posts\/793\/revisions"}],"predecessor-version":[{"id":795,"href":"https:\/\/ajanskale.com\/index.php\/wp-json\/wp\/v2\/posts\/793\/revisions\/795"}],"wp:featuredmedia":[{"embeddable":true,"href":"https:\/\/ajanskale.com\/index.php\/wp-json\/wp\/v2\/media\/794"}],"wp:attachment":[{"href":"https:\/\/ajanskale.com\/index.php\/wp-json\/wp\/v2\/media?parent=793"}],"wp:term":[{"taxonomy":"category","embeddable":true,"href":"https:\/\/ajanskale.com\/index.php\/wp-json\/wp\/v2\/categories?post=793"},{"taxonomy":"post_tag","embeddable":true,"href":"https:\/\/ajanskale.com\/index.php\/wp-json\/wp\/v2\/tags?post=793"}],"curies":[{"name":"wp","href":"https:\/\/api.w.org\/{rel}","templated":true}]}}