{"id":758,"date":"2022-06-29T15:13:08","date_gmt":"2022-06-29T15:13:08","guid":{"rendered":"https:\/\/ajanskale.com\/?p=758"},"modified":"2022-06-29T15:13:08","modified_gmt":"2022-06-29T15:13:08","slug":"vali-tekbiyikoglu-abdallarimiz-ve-bozlak-kulturumuz-bizim-icin-cok-onemli","status":"publish","type":"post","link":"https:\/\/ajanskale.com\/index.php\/2022\/06\/29\/vali-tekbiyikoglu-abdallarimiz-ve-bozlak-kulturumuz-bizim-icin-cok-onemli\/","title":{"rendered":"Vali Tekb\u0131y\u0131ko\u011flu: \u201cAbdallar\u0131m\u0131z ve Bozlak K\u00fclt\u00fcr\u00fcm\u00fcz Bizim \u0130\u00e7in \u00c7ok \u00d6nemli \u201d"},"content":{"rendered":"<p>K\u0131r\u0131kkale Valisi B\u00fclent Tekb\u0131y\u0131ko\u011flu, \u2018\u2019K\u0131r\u0131kkale Ta\u015f\u0131nmaz K\u00fclt\u00fcr Varl\u0131klar\u0131 Envanteri\u2019\u2019 kitab\u0131 ve \u2018\u2019Hac\u0131 Ta\u015fan K\u00fclt\u00fcr Serisi\u2019\u2019 plak\u0131n\u0131n tan\u0131t\u0131m toplant\u0131s\u0131n\u0131 K\u0131r\u0131kkale\u2019de yay\u0131n yapan yerel ve ulusal bas\u0131n mensuplar\u0131yla bir araya gelerek ger\u00e7ekle\u015ftirdi.<\/p>\n<p>\u201cABDALLARIMIZ VE BOZLAK K\u00dcLT\u00dcR\u00dcM\u00dcZ B\u0130Z\u0130M \u0130\u00c7\u0130N \u00c7OK \u00d6NEML\u0130\u201d<\/p>\n<p>Halk ozan\u0131 ve T\u00fcrk Halk M\u00fczi\u011fi sanat\u00e7\u0131s\u0131 Hac\u0131 Ta\u015fan\u2019\u0131n eserlerinin ya\u015fat\u0131lmas\u0131 i\u00e7in K\u0131r\u0131kkale Valili\u011fi himayelerinde yapt\u0131r\u0131lan \u201cHac\u0131 Ta\u015fan K\u00fclt\u00fcr Serisi\u201d adl\u0131 33&#8217;l\u00fck plakta 11 adet eserin yer ald\u0131\u011f\u0131 plak ve \u201cK\u0131r\u0131kkale Ta\u015f\u0131nmaz K\u00fclt\u00fcr Varl\u0131klar\u0131 Envanteri\u201d kitab\u0131n\u0131n Tan\u0131t\u0131m Toplant\u0131s\u0131 \u00d6\u011fretmen Evi\u2019nde ger\u00e7ekle\u015ftirildi.  <\/p>\n<p>K\u0131r\u0131kkale i\u00e7erisinde, Anadolu k\u00fclt\u00fcr\u00fcne ait renklerin yer ald\u0131\u011f\u0131n\u0131 ifade eden K\u0131r\u0131kkale Valisi B\u00fclent Tekb\u0131y\u0131ko\u011flu, abdallar gelene\u011finin en \u00f6nemli temsilcilerinden birinin de Hac\u0131 Ta\u015fan oldu\u011funun alt\u0131n\u0131 \u00e7izdi.<\/p>\n<p>Vali Tekb\u0131y\u0131ko\u011flu, \u201cYeni olan hi\u00e7bir \u015fey k\u00fclt\u00fcre dahil de\u011fildir. K\u00fclt\u00fcr yeni olu\u015fmaz. Y\u0131llardan beri topluluklar, insanlar k\u00fclt\u00fcrlerini besler. K\u00fclt\u00fcr kendi aralar\u0131nda etkile\u015fimde bulunabilir. Zenginlikleri \u00e7ok fazlad\u0131r. Mimarisinden tutun, m\u00fczi\u011fine kadar. Motiflerinden tutun, a\u011farlama u\u011furlamas\u0131na kadar hemen her \u015fey k\u00fclt\u00fcr\u00fcn i\u00e7erisine dahil olur. Bizimde Anadolu k\u00fclt\u00fcr\u00fc, bir Anadolu kilimi gibi motifleri birbiriyle uyumlu bir \u015fekilde olu\u015fan, b\u00fct\u00fcn\u00fcne bakt\u0131\u011f\u0131m\u0131z zamanda daha b\u00fcy\u00fck bir motifi te\u015fkil eden bir yap\u0131s\u0131 vard\u0131r. K\u0131r\u0131kkale\u2019mizin i\u00e7erisinde, Anadolu motiflerinin bir rengi olan, Abdallar\u0131m\u0131z\u0131 ve Bozlak k\u00fclt\u00fcr\u00fcm\u00fcz\u00fc bar\u0131nd\u0131r\u0131yoruz. Bu bizim i\u00e7in hakikaten \u00e7ok k\u0131ymetli\u201d dedi.<\/p>\n<p>VAL\u0130 TEKBIYIKO\u011eLU, \u201cT\u00dcRK HALK M\u00dcZ\u0130\u011e\u0130NE, BOZLAK GELENE\u011e\u0130NDE PAR\u00c7ALAR ARMA\u011eAN ETT\u0130\u201d<\/p>\n<p>Vali Tekb\u0131y\u0131ko\u011flu, \u201cBozlak k\u00fclt\u00fcr\u00fc yeni bir k\u00fclt\u00fcr de\u011fil. Baz\u0131 \u00e7al\u0131\u015fmalar Orta Asya\u2019ya kadar dayan\u0131yor ve biz bunlar\u0131 g\u00fcn\u00fcm\u00fcze kadar ya\u015fatabilmi\u015fiz. Bozlak k\u00fclt\u00fcr\u00fcn\u00fcn ve Abdal gelene\u011finin en \u00f6nemli de\u011ferlerini, \u015fehrimizin bir evlad\u0131 temsil etmi\u015ftir. Umar\u0131m bundan sonrada \u00e7ok \u00f6nemli isimler \u00e7\u0131kar ve bu gelene\u011fi devam ettirir. Hac\u0131 Ta\u015fan, hepinizin bildi\u011fi \u00fczere Keskinli. 1950\u2019li y\u0131llarda Muzaffer Sar\u0131s\u00f6zen\u2019in Anadolu\u2019da yapt\u0131\u011f\u0131 bir derleme \u00e7al\u0131\u015fmalar\u0131 kapsam\u0131nda, Keskin il\u00e7emizi ziyaret eder ve orada Hac\u0131 Ta\u015fan ile tan\u0131\u015f\u0131rlar. Orada ki derledi\u011fi par\u00e7alar\u0131 da TRT Ankara radyosuna ta\u015f\u0131mas\u0131 m\u00fcnasebetiyle, Hac\u0131 Ta\u015fan T\u00fcrkiye \u00e7ap\u0131nda bozla\u011f\u0131n \u00f6nemli bir mikrofonu haline gelir. Ayn\u0131 zamanda T\u00fcrk Halk M\u00fczi\u011fine, bozlak gelene\u011finde hepinizin bildi\u011fi par\u00e7alar\u0131 da arma\u011fan eder. Yine \u00e7ok b\u00fcy\u00fck bir isim olan Ne\u015fet Erta\u015f\u2019\u0131nda yeti\u015fmesine vesile olur\u201d<\/p>\n<p>HACI TA\u015eAN\u2019IN ESERLER\u0130 SESLEND\u0130R\u0130LD\u0130<\/p>\n<p>Vali Tekb\u0131y\u0131ko\u011flu, \u201c\u0130limizin k\u00fclt\u00fcr boyutunda \u00e7ok \u00f6nemli bir temsilcisi olan Hac\u0131 Ta\u015fan\u2019\u0131 tekrar ya\u015fatmak, tekrar hat\u0131rlamak i\u00e7in, kendi ya\u015fad\u0131\u011f\u0131 d\u00f6neme dair olan bir plakla g\u00fcn y\u00fcz\u00fcne \u00e7\u0131kard\u0131k. Tan\u0131t\u0131m faaliyetlerimizin i\u00e7inde 33&#8217;l\u00fck plakta 11 eser bulunan plak\u0131, Valili\u011fimizin himayelerinde \u00e7\u0131kartt\u0131k. \u0130kinci k\u00fclt\u00fcr projemizin \u00fcr\u00fcn\u00fc ise \u2018K\u0131r\u0131kkale Ta\u015f\u0131nmaz K\u00fclt\u00fcr Varl\u0131klar\u0131 Envanteri\u2019. \u0130nsano\u011flunun \u00f6mr\u00fc k\u0131s\u0131tl\u0131. Bu k\u00fclt\u00fcr varl\u0131klar\u0131 bizden sonrada ya\u015fas\u0131nlar diye 2022 tarihinde bir foto\u011fraf\u0131n\u0131 \u00e7ektik. \u0130\u00e7erisinde teknik bilgileri ile beraber sosyal bilgileri de ihtiva eden bir kitap bast\u0131k. Bu iki projenin T\u00fcrk k\u00fclt\u00fcr\u00fc ile ilgilenen herkesin, \u00e7al\u0131\u015fma alan\u0131nda temel te\u015fkil edece\u011fini d\u00fc\u015f\u00fcn\u00fcyorum ve ilimize de hay\u0131rl\u0131 olmas\u0131n\u0131 temenni ediyorum\u201d dedi.<\/p>\n<p>Vali Tekb\u0131y\u0131ko\u011flu\u2019nun konu\u015fmas\u0131n\u0131n ard\u0131ndan Hac\u0131 Ta\u015fan\u2019\u0131n eserlerinin yer ald\u0131\u011f\u0131 plak bas\u0131n mensuplar\u0131na dinletildi. Abdallar Toplulu\u011funun da bulundu\u011fu bas\u0131n toplant\u0131s\u0131nda Hac\u0131 Ta\u015fan\u2019\u0131n eserleri seslendirildi. Bas\u0131n mensuplar\u0131na Hac\u0131 Ta\u015fan\u2019a ait plak ve K\u0131r\u0131kkale Ta\u015f\u0131nmaz K\u00fclt\u00fcr Varl\u0131klar\u0131 Envanteri kitab\u0131 hediye edildi.<\/p>\n","protected":false},"excerpt":{"rendered":"<p>K\u0131r\u0131kkale Valisi B\u00fclent Tekb\u0131y\u0131ko\u011flu, \u2018\u2019K\u0131r\u0131kkale Ta\u015f\u0131nmaz K\u00fclt\u00fcr Varl\u0131klar\u0131 Envanteri\u2019\u2019 kitab\u0131 ve \u2018\u2019Hac\u0131 Ta\u015fan K\u00fclt\u00fcr Serisi\u2019\u2019 plak\u0131n\u0131n tan\u0131t\u0131m toplant\u0131s\u0131n\u0131 K\u0131r\u0131kkale\u2019de yay\u0131n yapan yerel ve ulusal bas\u0131n mensuplar\u0131yla bir araya gelerek ger\u00e7ekle\u015ftirdi. \u201cABDALLARIMIZ VE BOZLAK K\u00dcLT\u00dcR\u00dcM\u00dcZ B\u0130Z\u0130M \u0130\u00c7\u0130N \u00c7OK \u00d6NEML\u0130\u201d Halk ozan\u0131 ve T\u00fcrk Halk M\u00fczi\u011fi sanat\u00e7\u0131s\u0131 Hac\u0131 Ta\u015fan\u2019\u0131n eserlerinin ya\u015fat\u0131lmas\u0131 i\u00e7in K\u0131r\u0131kkale Valili\u011fi himayelerinde yapt\u0131r\u0131lan \u201cHac\u0131 &hellip;<\/p>\n","protected":false},"author":3,"featured_media":759,"comment_status":"open","ping_status":"closed","sticky":false,"template":"","format":"standard","meta":{"_bbp_topic_count":0,"_bbp_reply_count":0,"_bbp_total_topic_count":0,"_bbp_total_reply_count":0,"_bbp_voice_count":0,"_bbp_anonymous_reply_count":0,"_bbp_topic_count_hidden":0,"_bbp_reply_count_hidden":0,"_bbp_forum_subforum_count":0,"footnotes":""},"categories":[2],"tags":[],"class_list":["post-758","post","type-post","status-publish","format-standard","has-post-thumbnail","hentry","category-guncel"],"amp_enabled":true,"_links":{"self":[{"href":"https:\/\/ajanskale.com\/index.php\/wp-json\/wp\/v2\/posts\/758","targetHints":{"allow":["GET"]}}],"collection":[{"href":"https:\/\/ajanskale.com\/index.php\/wp-json\/wp\/v2\/posts"}],"about":[{"href":"https:\/\/ajanskale.com\/index.php\/wp-json\/wp\/v2\/types\/post"}],"author":[{"embeddable":true,"href":"https:\/\/ajanskale.com\/index.php\/wp-json\/wp\/v2\/users\/3"}],"replies":[{"embeddable":true,"href":"https:\/\/ajanskale.com\/index.php\/wp-json\/wp\/v2\/comments?post=758"}],"version-history":[{"count":1,"href":"https:\/\/ajanskale.com\/index.php\/wp-json\/wp\/v2\/posts\/758\/revisions"}],"predecessor-version":[{"id":760,"href":"https:\/\/ajanskale.com\/index.php\/wp-json\/wp\/v2\/posts\/758\/revisions\/760"}],"wp:featuredmedia":[{"embeddable":true,"href":"https:\/\/ajanskale.com\/index.php\/wp-json\/wp\/v2\/media\/759"}],"wp:attachment":[{"href":"https:\/\/ajanskale.com\/index.php\/wp-json\/wp\/v2\/media?parent=758"}],"wp:term":[{"taxonomy":"category","embeddable":true,"href":"https:\/\/ajanskale.com\/index.php\/wp-json\/wp\/v2\/categories?post=758"},{"taxonomy":"post_tag","embeddable":true,"href":"https:\/\/ajanskale.com\/index.php\/wp-json\/wp\/v2\/tags?post=758"}],"curies":[{"name":"wp","href":"https:\/\/api.w.org\/{rel}","templated":true}]}}