{"id":603,"date":"2022-05-27T20:22:42","date_gmt":"2022-05-27T20:22:42","guid":{"rendered":"https:\/\/ajanskale.com\/?p=603"},"modified":"2022-05-27T20:22:42","modified_gmt":"2022-05-27T20:22:42","slug":"keskin-ak-partide-conger-donemi-basladi","status":"publish","type":"post","link":"https:\/\/ajanskale.com\/index.php\/2022\/05\/27\/keskin-ak-partide-conger-donemi-basladi\/","title":{"rendered":"Keskin Ak Partide C\u00f6nger D\u00f6nemi Ba\u015flad\u0131."},"content":{"rendered":"<div>\n<p>&nbsp;<\/p>\n<h2>Ge\u00e7ti\u011fimiz haftalarda AK Parti Keskin \u0130l\u00e7e Ba\u015fkan\u0131 Halim Bulut\u2019un, istifas\u0131ndan sonra AK Parti Keskin \u0130l\u00e7e Ba\u015fkanl\u0131\u011f\u0131na Genel Merkez taraf\u0131ndan Ekmel C\u00f6nger atand\u0131.<\/h2>\n<p>GENEL MERKEZ KARARI \u0130LE ATAMA YAPILDI<\/p>\n<p>AK Parti Keskin \u0130l\u00e7e Ba\u015fkanl\u0131\u011f\u0131 g\u00f6revinden Genel Merkez ile yapt\u0131\u011f\u0131 g\u00f6r\u00fc\u015fme sonucu istifa eden, istifas\u0131n\u0131 sosyal medya hesab\u0131ndan duyuran Halim Bulut\u2019un yerine AK Parti Keskin \u0130l\u00e7e te\u015fkilat\u0131 kurucular\u0131ndan olan Ekmel C\u00f6nger getirildi. Ge\u00e7en d\u00f6nem Keskin \u0130l Genel Meclis \u00dcyeli\u011fi g\u00f6revinde bulunan ayn\u0131 zamanda Keskin\u2019in esnaflar\u0131ndan olan Ekmel C\u00f6nger, Genel Merkez karar\u0131 ile AK Parti Keskin \u0130l\u00e7e Ba\u015fkanl\u0131\u011f\u0131 g\u00f6revine getirildi.<\/p>\n<\/div>\n<div class=\"row p-3\">\n<div class=\"btn btn-sm btn-secondary d-inline-block float-left ml-1 mb-2\"><\/div>\n<\/div>\n<div class=\"row p-3 border-top\"><\/div>\n","protected":false},"excerpt":{"rendered":"<p>&nbsp; Ge\u00e7ti\u011fimiz haftalarda AK Parti Keskin \u0130l\u00e7e Ba\u015fkan\u0131 Halim Bulut\u2019un, istifas\u0131ndan sonra AK Parti Keskin \u0130l\u00e7e Ba\u015fkanl\u0131\u011f\u0131na Genel Merkez taraf\u0131ndan Ekmel C\u00f6nger atand\u0131. GENEL MERKEZ KARARI \u0130LE ATAMA YAPILDI AK Parti Keskin \u0130l\u00e7e Ba\u015fkanl\u0131\u011f\u0131 g\u00f6revinden Genel Merkez ile yapt\u0131\u011f\u0131 g\u00f6r\u00fc\u015fme sonucu istifa eden, istifas\u0131n\u0131 sosyal medya hesab\u0131ndan duyuran Halim Bulut\u2019un yerine AK Parti Keskin \u0130l\u00e7e &hellip;<\/p>\n","protected":false},"author":3,"featured_media":604,"comment_status":"open","ping_status":"closed","sticky":false,"template":"","format":"standard","meta":{"_bbp_topic_count":0,"_bbp_reply_count":0,"_bbp_total_topic_count":0,"_bbp_total_reply_count":0,"_bbp_voice_count":0,"_bbp_anonymous_reply_count":0,"_bbp_topic_count_hidden":0,"_bbp_reply_count_hidden":0,"_bbp_forum_subforum_count":0,"footnotes":""},"categories":[1],"tags":[],"class_list":["post-603","post","type-post","status-publish","format-standard","has-post-thumbnail","hentry","category-manset"],"amp_enabled":true,"_links":{"self":[{"href":"https:\/\/ajanskale.com\/index.php\/wp-json\/wp\/v2\/posts\/603","targetHints":{"allow":["GET"]}}],"collection":[{"href":"https:\/\/ajanskale.com\/index.php\/wp-json\/wp\/v2\/posts"}],"about":[{"href":"https:\/\/ajanskale.com\/index.php\/wp-json\/wp\/v2\/types\/post"}],"author":[{"embeddable":true,"href":"https:\/\/ajanskale.com\/index.php\/wp-json\/wp\/v2\/users\/3"}],"replies":[{"embeddable":true,"href":"https:\/\/ajanskale.com\/index.php\/wp-json\/wp\/v2\/comments?post=603"}],"version-history":[{"count":1,"href":"https:\/\/ajanskale.com\/index.php\/wp-json\/wp\/v2\/posts\/603\/revisions"}],"predecessor-version":[{"id":605,"href":"https:\/\/ajanskale.com\/index.php\/wp-json\/wp\/v2\/posts\/603\/revisions\/605"}],"wp:featuredmedia":[{"embeddable":true,"href":"https:\/\/ajanskale.com\/index.php\/wp-json\/wp\/v2\/media\/604"}],"wp:attachment":[{"href":"https:\/\/ajanskale.com\/index.php\/wp-json\/wp\/v2\/media?parent=603"}],"wp:term":[{"taxonomy":"category","embeddable":true,"href":"https:\/\/ajanskale.com\/index.php\/wp-json\/wp\/v2\/categories?post=603"},{"taxonomy":"post_tag","embeddable":true,"href":"https:\/\/ajanskale.com\/index.php\/wp-json\/wp\/v2\/tags?post=603"}],"curies":[{"name":"wp","href":"https:\/\/api.w.org\/{rel}","templated":true}]}}