{"id":413,"date":"2022-02-04T07:11:37","date_gmt":"2022-02-04T07:11:37","guid":{"rendered":"https:\/\/ajanskale.com\/?p=413"},"modified":"2022-02-04T07:12:01","modified_gmt":"2022-02-04T07:12:01","slug":"lise-ve-universite-mezunlarina-6-8ayda-isdihdam-garantisi-verecek-yeni-egitim-programi","status":"publish","type":"post","link":"https:\/\/ajanskale.com\/index.php\/2022\/02\/04\/lise-ve-universite-mezunlarina-6-8ayda-isdihdam-garantisi-verecek-yeni-egitim-programi\/","title":{"rendered":"Lise ve \u00dcniversite Mezunlar\u0131na 6-8 Ayda \u0130sdihdam Garantisi Verecek Yeni E\u011fitim Program\u0131"},"content":{"rendered":"<p>Mill\u00ee E\u011fitim Bakan\u0131 Mahmut \u00d6zer, bu ay itibar\u0131yla lise ve \u00fcniversite mezunu gen\u00e7lerin istedikleri bir alandaki mesleki e\u011fitim merkezi program\u0131n\u0131 6-8 ay gibi k\u0131sa s\u00fcrede tamamlama ve istihdam garantili i\u015f g\u00fcc\u00fc piyasas\u0131na ge\u00e7me imk\u00e2n\u0131 getiren program\u0131 ba\u015flatacaklar\u0131n\u0131 a\u00e7\u0131klad\u0131.<\/p>\n<div>Mill\u00ee E\u011fitim Bakan\u0131 \u00d6zer, Bakanl\u0131\u011f\u0131n mesleki e\u011fitim merkezleri arac\u0131l\u0131\u011f\u0131yla lise ve \u00fcniversite mezunlar\u0131na y\u00f6nelik y\u00fcr\u00fctece\u011fi istihdam garantili yeni mesleki e\u011fitim program\u0131n\u0131n detaylar\u0131n\u0131 anlatt\u0131.<\/div>\n<div><\/div>\n<div>Lise ve \u00fczerinde bir e\u011fitime sahip olanlar\u0131n, istemeleri durumunda, istihdam garantili \u015fekilde mesleki e\u011fitim tamamlama programlar\u0131ndan yararlanmas\u0131n\u0131 sa\u011flaman\u0131n bu merkezlerin hedeflerinden oldu\u011funu belirten \u00d6zer, \u015fu bilgileri verdi: &#8220;Bu ay itibar\u0131yla lise ve \u00fcniversite mezunu gen\u00e7lerin istedikleri bir alandaki mesleki e\u011fitim merkezi program\u0131n\u0131 6-8 ay gibi k\u0131sa s\u00fcrede tamamlama ve istihdam garantili i\u015f g\u00fcc\u00fc piyasas\u0131na ge\u00e7me imkan\u0131 getiren program\u0131 ba\u015flat\u0131yoruz. Buradaki \u00e7\u0131k\u0131\u015f noktam\u0131z \u015fu; herhangi bir alanda \u00f6rne\u011fin kaynak\u00e7\u0131l\u0131k alan\u0131nda eleman bulmayla ilgili ciddi bir ihtiya\u00e7 s\u00f6z konusuysa, bu alanla ilgili t\u00fcm i\u015fletmelerle bir araya gelip o eleman ihtiyac\u0131n\u0131, mesleki e\u011fitim merkezlerinden mezuniyeti 4 y\u0131l beklemeden k\u0131sa s\u00fcrede kar\u015f\u0131lamak i\u00e7in 6 veya 8 ayl\u0131k bir e\u011fitim tamamlama program\u0131 d\u00fczenlemek. Buraya lise, \u00fcniversite mezunlar\u0131ndan kat\u0131l\u0131m\u0131n\u0131, e\u011fitimin tamamen eleman ihtiyac\u0131n\u0131 kar\u015f\u0131lamak isteyen sekt\u00f6rler taraf\u0131ndan verilmesini ve ba\u015far\u0131l\u0131 olanlar\u0131n 6 ay sonra, mezun olduklar\u0131 zaman da istihdam\u0131n\u0131 sa\u011flamak. Bu program\u0131, bu aydan itibaren art\u0131k yava\u015f yava\u015f t\u00fcm T\u00fcrkiye&#8217;de yayg\u0131n bir \u015fekilde hizmete a\u00e7aca\u011f\u0131z.&#8221;<\/div>\n<div><\/div>\n<div>\u015eu anda mesleki e\u011fitim merkezlerine do\u011frudan gidilerek kay\u0131t yapt\u0131r\u0131labilece\u011fini ifade eden \u00d6zer, &#8220;Mesleki e\u011fitim merkezi tamamlama programlar\u0131, istihdam garantili olaca\u011f\u0131 i\u00e7in ilgili kentlerde s\u00fcrecin ba\u015flat\u0131lmas\u0131, ilan edilmesi ve o ilana ba\u015fvurular al\u0131narak s\u00fcre\u00e7 idame ettirilecek. Tamamlama program\u0131nda lise ya da \u00fcniversite mezunlar\u0131 olaca\u011f\u0131 i\u00e7in k\u00fclt\u00fcr derslerinin al\u0131nmas\u0131 gerekmeyecek, tamamen i\u015fba\u015f\u0131 e\u011fitiminde ve sekt\u00f6rle birlikte olu\u015fturaca\u011f\u0131n\u0131z m\u00fcfredat kapsam\u0131nda uygulama yap\u0131lacak. Ba\u015far\u0131l\u0131 olanlar da talep eden sekt\u00f6r taraf\u0131ndan istihdam edilecek.&#8221; dedi. T\u00fcm bu planlamalarla i\u015f g\u00fcc\u00fc piyasas\u0131ndaki arz-talep e\u015fle\u015fmesini en \u00fcst seviyeye \u00e7\u0131kartmay\u0131 ama\u00e7lad\u0131klar\u0131n\u0131 dile getiren Bakan \u00d6zer, istihdam a\u00e7\u0131\u011f\u0131 olmayan alanlardan mezun olanlar\u0131, i\u015f g\u00fcc\u00fc piyasas\u0131nda ihtiya\u00e7 bulunan alanlara do\u011fru h\u0131zl\u0131 \u015fekilde kayd\u0131rarak beceri uyumsuzluklar\u0131n\u0131 ortadan kald\u0131rmay\u0131 ama\u00e7lad\u0131klar\u0131n\u0131 s\u00f6zlerine ekledi.<\/div>\n<div><\/div>\n<div><strong>\u0130\u015fveren \u00fczerindeki maddi y\u00fck kald\u0131r\u0131ld\u0131<\/strong><\/div>\n<div>3308 say\u0131l\u0131 Mesleki E\u011fitim Kanunu&#8217;nda 25 Aral\u0131k 2021&#8217;de yap\u0131lan de\u011fi\u015fiklikle, mesleki e\u011fitim merkezine devam eden \u00f6\u011frencilere ili\u015fkin \u00f6nemli bir d\u00fczenleme yap\u0131ld\u0131\u011f\u0131n\u0131 hat\u0131rlatan \u00d6zer, i\u015fveren \u00fczerindeki maddi y\u00fck\u00fcn kald\u0131r\u0131larak \u00e7ok cazip bir mekanizma olu\u015fturuldu\u011funu vurgulad\u0131. \u00d6zer, daha \u00f6nce bu merkezlere devam eden \u00f6\u011frencilerin 4 y\u0131l boyunca ald\u0131\u011f\u0131 asgari \u00fccretin y\u00fczde 30&#8217;unun i\u015fveren taraf\u0131ndan kar\u015f\u0131land\u0131\u011f\u0131n\u0131, bir k\u0131sm\u0131n\u0131n ise devlet taraf\u0131ndan s\u00fcbvanse edildi\u011fini, yeni d\u00fczenlemeyle ise \u00fc\u00e7te birlik \u00fccretin tamam\u0131n\u0131n devlet taraf\u0131ndan kar\u015f\u0131lanmaya ba\u015fland\u0131\u011f\u0131n\u0131 kaydetti.<\/div>\n<div><\/div>\n<div>Bu merkezlere devam edenler aras\u0131nda ba\u015far\u0131l\u0131 olanlar\u0131n \u00fc\u00e7\u00fcnc\u00fc y\u0131l\u0131n sonunda &#8220;kalfa&#8221; ve son s\u0131n\u0131fta bir y\u0131l e\u011fitim ald\u0131ktan sonra ba\u015far\u0131l\u0131 olanlar\u0131n da &#8220;usta&#8221; oldu\u011funu belirten \u00d6zer, yeni d\u00fczenlemeyle kalfalara \u00f6denen miktar\u0131n asgari \u00fccretin y\u00fczde 30&#8217;undan y\u00fczde 50&#8217;ye \u00e7\u0131kart\u0131ld\u0131\u011f\u0131n\u0131 s\u00f6yledi. Bakan \u00d6zer, 10 y\u0131l ve \u00fczerinde &#8220;usta&#8221; olarak \u00e7al\u0131\u015fan ve SGK kay\u0131tlar\u0131nda bunu belgeleyenlerin herhangi bir e\u011fitim almadan do\u011frudan &#8220;usta \u00f6\u011fretici&#8221; olma s\u0131nav\u0131na girebilmelerinin sa\u011fland\u0131\u011f\u0131n\u0131 ifade ederek \u015f\u00f6yle devam etti: &#8220;Dolay\u0131s\u0131yla bir taraftan mesleki e\u011fitim merkezi \u00f6\u011frencilerinin yer alabilecekleri i\u015fletmenin say\u0131s\u0131n\u0131 art\u0131rmaya \u00e7al\u0131\u015ft\u0131k. Bu 3 d\u00fczenleme yap\u0131ld\u0131ktan sonra g\u00f6rd\u00fck ki bir ay gibi k\u0131sa bir s\u00fcrede, \u00f6\u011frenci say\u0131s\u0131nda inan\u0131lmaz bir art\u0131\u015f var. \u00d6zellikle k\u00fc\u00e7\u00fck ve orta \u00f6l\u00e7ekli i\u015fletmeler ve \u00f6\u011frenciler a\u00e7\u0131s\u0131ndan \u00e7ok cazip bir model. Mesleki e\u011fitim merkezlerinde ya\u015f s\u0131n\u0131r\u0131 olmamas\u0131 \u00e7ok b\u00fcy\u00fck bir avantaj. Her ya\u015ftan \u00f6\u011frencinin her ya\u015ftan vatanda\u015f\u0131m\u0131z\u0131n \u00f6\u011frenci olabilece\u011fi bir mekanizma. Kanun de\u011fi\u015fikli\u011finden \u00f6nce bu merkezlerdeki \u00f6\u011frenci say\u0131s\u0131 159 bindi, \u015fu anda 280 bine \u00e7\u0131kt\u0131. Bir ay gibi k\u0131sa s\u00fcrede, \u00f6\u011frenci say\u0131s\u0131 y\u00fczde 76 oran\u0131nda artt\u0131.&#8221; dedi.<\/div>\n<div><\/div>\n<div><strong>\u0130lk hedef bu y\u0131l 1 milyon ki\u015fiyi merkezlerle tan\u0131\u015ft\u0131rmak<\/strong><\/div>\n<div>Bakanl\u0131k olarak \u00f6ncelikli ama\u00e7lar\u0131n\u0131n mesleki e\u011fitim merkezlerinin kapasitesini art\u0131rabilmek oldu\u011funa ve yeni kanun de\u011fi\u015fikli\u011finin buna imkan sa\u011flad\u0131\u011f\u0131na i\u015faret eden \u00d6zer, bu konuda aktif bir saha \u00e7al\u0131\u015fmas\u0131n\u0131n ba\u015flat\u0131ld\u0131\u011f\u0131n\u0131 ve bu merkezlerin ailelere, ticaret sanayi odalar\u0131na, i\u015fletmelere tan\u0131t\u0131lmaya devam edildi\u011fini aktard\u0131. Bakan \u00d6zer, Cumhurba\u015fkan\u0131 Recep Tayyip Erdo\u011fan&#8217;\u0131n &#8220;2022 y\u0131l\u0131nda 1 milyon vatanda\u015f\u0131 mesleki e\u011fitim merkezleri ile tan\u0131\u015ft\u0131rma hedefi&#8221; koydu\u011funu hat\u0131rlatarak, s\u00f6zlerini \u015f\u00f6yle s\u00fcrd\u00fcrd\u00fc: &#8220;\u015eu anda sistem \u00e7ok ba\u015far\u0131l\u0131 \u015fekilde ilerliyor. Bakanl\u0131k olarak ilk hedefimiz 1 milyona yak\u0131n vatanda\u015f\u0131 mesleki e\u011fitim merkezleriyle e\u015fle\u015ftirebilmek. Ger\u00e7ekten bu potansiyel var. T\u00fcrkiye&#8217;de mesleki e\u011fitimdeki bu d\u00f6n\u00fc\u015f\u00fcmden en fazla olumlu etkilenecek olan sekt\u00f6rler de k\u00fc\u00e7\u00fck ve orta \u00f6l\u00e7ekli i\u015fletmeler olacak. B\u00f6ylece \u00e7\u0131rak, usta, kalfa bulamamaktan \u015fikayet\u00e7i olan i\u015f g\u00fcc\u00fc piyasas\u0131ndaki bu mazeret, tamamen ortadan kalkm\u0131\u015f olacak.&#8221;<\/div>\n<div><\/div>\n<div>Bakan \u00d6zer, fiziki imkanlar\u0131 olan t\u00fcm organize sanayi b\u00f6lgelerinde mesleki e\u011fitim merkezlerinin, olmayanlarda ise irtibat b\u00fcrolar\u0131n\u0131n kuruldu\u011funu belirterek, b\u00f6ylece i\u015fletmelerde vatanda\u015flar\u0131n \u00e7ok rahat \u015fekilde mesleki e\u011fitim hizmeti alabilece\u011fini s\u00f6yledi.<\/div>\n<div><strong>\u00a0<\/strong><\/div>\n<div><strong>Mesleki e\u011fitim merkezleri, Almanya&#8217;daki dual mesleki e\u011fitimin T\u00fcrkiye&#8217;deki kar\u015f\u0131l\u0131\u011f\u0131<\/strong><\/div>\n<div>E\u011fitimdeki bu yeni modelin Almanya&#8217;daki mesleki e\u011fitim modeli ile benze\u015fen yanlar\u0131n\u0131n sorulmas\u0131 \u00fczerine Bakan \u00d6zer, &#8220;Meslek e\u011fitim merkezleri, Almanya&#8217;daki dual (ikili) mesleki e\u011fitimin T\u00fcrkiye&#8217;deki kar\u015f\u0131l\u0131\u011f\u0131. Ayn\u0131 zamanda bizdeki Sel\u00e7uklu, Osmanl\u0131&#8217;dan itibaren ahilik sisteminin, geleneksel \u00e7\u0131rakl\u0131k, kalfal\u0131k, ustal\u0131k e\u011fitim modelinin de T\u00fcrkiye&#8217;deki orijinal bir kar\u015f\u0131l\u0131\u011f\u0131.&#8221; de\u011ferlendirmesinde bulundu.<\/div>\n<div><\/div>\n<div>Mesleki e\u011fitim merkezlerindeki \u00f6\u011frencilerin uygulama becerileri a\u00e7\u0131s\u0131ndan \u00e7ok b\u00fcy\u00fck avantaja sahip oldu\u011funa i\u015faret eden \u00d6zer, haftada sadece bir g\u00fcn okula gelen \u00f6\u011frencilerin geriye kalan t\u00fcm g\u00fcnlerde i\u015fletmelerde ger\u00e7ek i\u015f ortamlar\u0131nda aktif olarak e\u011fitim ald\u0131klar\u0131n\u0131 anlatt\u0131. Mesleki e\u011fitim merkezlerinden mezun olanlar\u0131n istihdam oran\u0131n\u0131n, mesleki teknik Anadolu lisesinden mezun olanlara g\u00f6re \u00e7ok daha y\u00fcksek oldu\u011funa dikkati \u00e7eken \u00d6zer, bu mezunlar\u0131n e\u011fitim ald\u0131klar\u0131 alanda istihdam oranlar\u0131n\u0131n y\u00fczde 88&#8217;ler dolay\u0131nda oldu\u011funu aktard\u0131. Meslek e\u011fitim merkezlerinden mezun olanlar\u0131n y\u00fczde 75&#8217;inin, 4 y\u0131l boyunca e\u011fitim ald\u0131klar\u0131 i\u015fletmelerde \u00e7al\u0131\u015fmaya devam etti\u011finin alt\u0131n\u0131 \u00e7izen \u00d6zer, &#8220;Bu sistem, y\u0131llardan beri mesleki e\u011fitimle ilgili \u00f6zellikle k\u00fc\u00e7\u00fck ve orta \u00f6l\u00e7ekli i\u015fletmelerden gelen &#8216;Arad\u0131\u011f\u0131m eleman\u0131 bulam\u0131yorum, \u00e7\u0131raklar gelmiyor, kalfa bulam\u0131yorum&#8217; s\u00f6ylemini tamamen tarih yapacak. Bir taraftan da k\u00fc\u00e7\u00fck ve orta \u00f6l\u00e7ekli i\u015fletmeler, \u00e7ok daha nitelikli insan kayna\u011f\u0131na kavu\u015facak. Dolay\u0131s\u0131yla bu onlar\u0131n \u00fcr\u00fcnlerine yans\u0131yacak, \u00fcrettikleri \u00fcr\u00fcnlerin ve sa\u011flad\u0131klar\u0131 hizmetlerin kalitesi artacak.&#8221; diye konu\u015ftu.<\/div>\n<div><\/div>\n<div><strong>Mesleki e\u011fitim merkezlerine her ya\u015ftan vatanda\u015f kay\u0131t olabiliyor<\/strong><\/div>\n<div>\u0130\u015f g\u00fcc\u00fc piyasas\u0131nda gen\u00e7 i\u015fsizlik oran\u0131n\u0131 d\u00fc\u015f\u00fcrebilmenin \u00f6nemini vurgulayan \u00d6zer, &#8220;2021 y\u0131l\u0131 sonunda y\u00fcr\u00fcrl\u00fc\u011fe giren d\u00fczenleme, bu anlamda tarihi bir k\u0131r\u0131lma noktas\u0131na i\u015faret ediyor. Art\u0131k mesleki e\u011fitim merkezi, tamamen i\u015fg\u00fcc\u00fc piyasas\u0131n\u0131n talep etti\u011fi insan kayna\u011f\u0131n\u0131 yeti\u015ftirmek i\u00e7in ve i\u015fverene de hi\u00e7 bir maddi y\u00fck olmadan sadece e\u011fitime katk\u0131s\u0131n\u0131, s\u00fcre\u00e7lere katk\u0131s\u0131n\u0131 dahil ederek bu sorunu k\u00f6k\u00fcnden \u00e7\u00f6zm\u00fc\u015f olacak.&#8221; ifadelerini kulland\u0131. Meslek e\u011fitim merkezlerinin en b\u00fcy\u00fck avantaj\u0131n\u0131n her ya\u015fa hitap etmesi oldu\u011funa i\u015faret eden \u00d6zer, &#8220;Sadece e\u011fitim \u00e7a\u011f\u0131 n\u00fcfusuna hitap etmiyor. Yani vatanda\u015f\u0131m\u0131z\u0131n sadece ortaokul mezunu olmas\u0131 yeterli. Dolay\u0131s\u0131yla ortaokul mezunu olan ya\u015f\u0131 25, 30, 40 t\u00fcm ya\u015ftan vatanda\u015flar\u0131m\u0131z&#8230; Bu ayn\u0131 zamanda kad\u0131nlar\u0131m\u0131z\u0131n istihdam\u0131 a\u00e7\u0131s\u0131ndan da \u00e7ok \u00f6nemli bir i\u015flev g\u00f6r\u00fcyor, onlar i\u00e7in cazip bir model te\u015fkil ediyor. Bir de zaman s\u0131n\u0131rlamas\u0131 yok, istedikleri anda mesleki e\u011fitim merkezleri ile temasa ge\u00e7erek rahat bir \u015fekilde gerekli i\u015fletmeleri bularak meslek e\u011fitim merkezlerine kay\u0131t yapt\u0131rabilirler. Bu anlamda da \u00e7ok esnek bir modele sahip.&#8221; diye konu\u015ftu.<\/div>\n","protected":false},"excerpt":{"rendered":"<p>Mill\u00ee E\u011fitim Bakan\u0131 Mahmut \u00d6zer, bu ay itibar\u0131yla lise ve \u00fcniversite mezunu gen\u00e7lerin istedikleri bir alandaki mesleki e\u011fitim merkezi program\u0131n\u0131 6-8 ay gibi k\u0131sa s\u00fcrede tamamlama ve istihdam garantili i\u015f g\u00fcc\u00fc piyasas\u0131na ge\u00e7me imk\u00e2n\u0131 getiren program\u0131 ba\u015flatacaklar\u0131n\u0131 a\u00e7\u0131klad\u0131. Mill\u00ee E\u011fitim Bakan\u0131 \u00d6zer, Bakanl\u0131\u011f\u0131n mesleki e\u011fitim merkezleri arac\u0131l\u0131\u011f\u0131yla lise ve \u00fcniversite mezunlar\u0131na y\u00f6nelik y\u00fcr\u00fctece\u011fi istihdam garantili &hellip;<\/p>\n","protected":false},"author":3,"featured_media":414,"comment_status":"open","ping_status":"closed","sticky":false,"template":"","format":"standard","meta":{"_bbp_topic_count":0,"_bbp_reply_count":0,"_bbp_total_topic_count":0,"_bbp_total_reply_count":0,"_bbp_voice_count":0,"_bbp_anonymous_reply_count":0,"_bbp_topic_count_hidden":0,"_bbp_reply_count_hidden":0,"_bbp_forum_subforum_count":0,"footnotes":""},"categories":[1,8],"tags":[],"class_list":["post-413","post","type-post","status-publish","format-standard","has-post-thumbnail","hentry","category-manset","category-egitim"],"amp_enabled":true,"_links":{"self":[{"href":"https:\/\/ajanskale.com\/index.php\/wp-json\/wp\/v2\/posts\/413","targetHints":{"allow":["GET"]}}],"collection":[{"href":"https:\/\/ajanskale.com\/index.php\/wp-json\/wp\/v2\/posts"}],"about":[{"href":"https:\/\/ajanskale.com\/index.php\/wp-json\/wp\/v2\/types\/post"}],"author":[{"embeddable":true,"href":"https:\/\/ajanskale.com\/index.php\/wp-json\/wp\/v2\/users\/3"}],"replies":[{"embeddable":true,"href":"https:\/\/ajanskale.com\/index.php\/wp-json\/wp\/v2\/comments?post=413"}],"version-history":[{"count":2,"href":"https:\/\/ajanskale.com\/index.php\/wp-json\/wp\/v2\/posts\/413\/revisions"}],"predecessor-version":[{"id":416,"href":"https:\/\/ajanskale.com\/index.php\/wp-json\/wp\/v2\/posts\/413\/revisions\/416"}],"wp:featuredmedia":[{"embeddable":true,"href":"https:\/\/ajanskale.com\/index.php\/wp-json\/wp\/v2\/media\/414"}],"wp:attachment":[{"href":"https:\/\/ajanskale.com\/index.php\/wp-json\/wp\/v2\/media?parent=413"}],"wp:term":[{"taxonomy":"category","embeddable":true,"href":"https:\/\/ajanskale.com\/index.php\/wp-json\/wp\/v2\/categories?post=413"},{"taxonomy":"post_tag","embeddable":true,"href":"https:\/\/ajanskale.com\/index.php\/wp-json\/wp\/v2\/tags?post=413"}],"curies":[{"name":"wp","href":"https:\/\/api.w.org\/{rel}","templated":true}]}}