{"id":407,"date":"2022-02-03T19:26:32","date_gmt":"2022-02-03T19:26:32","guid":{"rendered":"https:\/\/ajanskale.com\/?p=407"},"modified":"2022-02-03T19:34:05","modified_gmt":"2022-02-03T19:34:05","slug":"halil-ozturkten-mke-genel-muduru-yasin-akdereye-ziyaret-etti","status":"publish","type":"post","link":"https:\/\/ajanskale.com\/index.php\/2022\/02\/03\/halil-ozturkten-mke-genel-muduru-yasin-akdereye-ziyaret-etti\/","title":{"rendered":"Halil \u00d6zt\u00fcrk\u2019ten MKE Genel M\u00fcd\u00fcr\u00fc Yasin Akdere\u2019ye Ziyaret Etti."},"content":{"rendered":"<p>Milliyet\u00e7i Hareket Partisi Merkez Disiplin Kurulu Ba\u015fkan\u0131 ve K\u0131r\u0131kkale Milletvekili Av. Halil \u00d6zt\u00fcrk, MKE A.\u015e. Genel M\u00fcd\u00fcr\u00fc Yasin Akdere\u2019yi makam\u0131nda ziyaret ederek \u00e7al\u0131\u015fmalar hakk\u0131nda bilgi ald\u0131.<\/p>\n<p>Yap\u0131lan ziyaret ile ilgili MHP\u2019li \u00d6zt\u00fcrk\u2019\u00fcn sosyal medya hesab\u0131ndan yap\u0131lan payla\u015f\u0131mda; \u201cMKE Genel M\u00fcd\u00fcr\u00fc Say\u0131n Yasin Akdere, Genel M\u00fcd\u00fcr Yard\u0131mc\u0131s\u0131 Say\u0131n Ali Keskink\u0131l\u0131\u00e7 ve \u0130dari \u0130\u015fler Direkt\u00f6r\u00fc Say\u0131n Halit Aziz Y\u0131lmaz\u2019\u0131 ziyaret ederek \u00e7al\u0131\u015fmalar\u0131 hakk\u0131nda detayl\u0131 bilgi ald\u0131k. MKE\u2019yi d\u00fcnyada, savunma sanayiinin \u00f6nde gelen markas\u0131 yapmak i\u00e7in \u00f6zverili \u00e7al\u0131\u015fmalar\u0131 s\u00fcr\u00fcyor. MKE kazand\u0131k\u00e7a \u00e7al\u0131\u015fanlar\u0131m\u0131z\u0131n da kazanaca\u011f\u0131 g\u00fczel g\u00fcnler hedefi, bu m\u00fcbarek g\u00fcnde bizleri ziyadesiyle memnun etmi\u015ftir. MKE\u2019nin K\u0131r\u0131kkale\u2019ye katk\u0131s\u0131 \u00e7ok daha g\u00fc\u00e7l\u00fc olacak.\u201d ifadelerine yer verildi.<\/p>\n","protected":false},"excerpt":{"rendered":"<p>Milliyet\u00e7i Hareket Partisi Merkez Disiplin Kurulu Ba\u015fkan\u0131 ve K\u0131r\u0131kkale Milletvekili Av. Halil \u00d6zt\u00fcrk, MKE A.\u015e. Genel M\u00fcd\u00fcr\u00fc Yasin Akdere\u2019yi makam\u0131nda ziyaret ederek \u00e7al\u0131\u015fmalar hakk\u0131nda bilgi ald\u0131. Yap\u0131lan ziyaret ile ilgili MHP\u2019li \u00d6zt\u00fcrk\u2019\u00fcn sosyal medya hesab\u0131ndan yap\u0131lan payla\u015f\u0131mda; \u201cMKE Genel M\u00fcd\u00fcr\u00fc Say\u0131n Yasin Akdere, Genel M\u00fcd\u00fcr Yard\u0131mc\u0131s\u0131 Say\u0131n Ali Keskink\u0131l\u0131\u00e7 ve \u0130dari \u0130\u015fler Direkt\u00f6r\u00fc Say\u0131n Halit &hellip;<\/p>\n","protected":false},"author":3,"featured_media":409,"comment_status":"open","ping_status":"closed","sticky":false,"template":"","format":"standard","meta":{"_bbp_topic_count":0,"_bbp_reply_count":0,"_bbp_total_topic_count":0,"_bbp_total_reply_count":0,"_bbp_voice_count":0,"_bbp_anonymous_reply_count":0,"_bbp_topic_count_hidden":0,"_bbp_reply_count_hidden":0,"_bbp_forum_subforum_count":0,"footnotes":""},"categories":[1],"tags":[],"class_list":["post-407","post","type-post","status-publish","format-standard","has-post-thumbnail","hentry","category-manset"],"amp_enabled":true,"_links":{"self":[{"href":"https:\/\/ajanskale.com\/index.php\/wp-json\/wp\/v2\/posts\/407","targetHints":{"allow":["GET"]}}],"collection":[{"href":"https:\/\/ajanskale.com\/index.php\/wp-json\/wp\/v2\/posts"}],"about":[{"href":"https:\/\/ajanskale.com\/index.php\/wp-json\/wp\/v2\/types\/post"}],"author":[{"embeddable":true,"href":"https:\/\/ajanskale.com\/index.php\/wp-json\/wp\/v2\/users\/3"}],"replies":[{"embeddable":true,"href":"https:\/\/ajanskale.com\/index.php\/wp-json\/wp\/v2\/comments?post=407"}],"version-history":[{"count":1,"href":"https:\/\/ajanskale.com\/index.php\/wp-json\/wp\/v2\/posts\/407\/revisions"}],"predecessor-version":[{"id":410,"href":"https:\/\/ajanskale.com\/index.php\/wp-json\/wp\/v2\/posts\/407\/revisions\/410"}],"wp:featuredmedia":[{"embeddable":true,"href":"https:\/\/ajanskale.com\/index.php\/wp-json\/wp\/v2\/media\/409"}],"wp:attachment":[{"href":"https:\/\/ajanskale.com\/index.php\/wp-json\/wp\/v2\/media?parent=407"}],"wp:term":[{"taxonomy":"category","embeddable":true,"href":"https:\/\/ajanskale.com\/index.php\/wp-json\/wp\/v2\/categories?post=407"},{"taxonomy":"post_tag","embeddable":true,"href":"https:\/\/ajanskale.com\/index.php\/wp-json\/wp\/v2\/tags?post=407"}],"curies":[{"name":"wp","href":"https:\/\/api.w.org\/{rel}","templated":true}]}}