{"id":400,"date":"2022-02-01T21:10:29","date_gmt":"2022-02-01T21:10:29","guid":{"rendered":"https:\/\/ajanskale.com\/?p=400"},"modified":"2022-02-01T21:11:29","modified_gmt":"2022-02-01T21:11:29","slug":"sobadan-sizan-gazdan-9-kisi-etkilendi","status":"publish","type":"post","link":"https:\/\/ajanskale.com\/index.php\/2022\/02\/01\/sobadan-sizan-gazdan-9-kisi-etkilendi\/","title":{"rendered":"Sobadan S\u0131zan Gazdan 9 Ki\u015fi Etkilendi."},"content":{"rendered":"<p>K\u0131r\u0131kkale&#8217;nin Delice il\u00e7esinde sobadan s\u0131zan karbon monoksit gaz\u0131ndan zehirlendikleri belirlenen  4&#8217;\u00fc \u00e7ocuk 9 ki\u015fi, ambulanslarla hastanelere kald\u0131r\u0131larak tedavi alt\u0131na al\u0131nd\u0131.<br \/>\nAl\u0131nan bilgiye g\u00f6re, il\u00e7eye ba\u011fl\u0131 \u00c7erikli beldesi, Yerli kent Mahallesi&#8217;nde ya\u015fayan aile, rahats\u0131zlan\u0131nca 112 Acil \u00c7a\u011fr\u0131 merkezine haber verildi.<br \/>\nOlay yerine ambulans ve jandarma ekipleri sevk edildi.<br \/>\nSa\u011fl\u0131k g\u00f6revlileri yapt\u0131klar\u0131 kontrolde evde bulunan 4&#8217;\u00fc \u00e7ocuk 9 ki\u015finin sobadan s\u0131zan karbon monoksit gaz\u0131ndan zehirlendikleri belirlendi.<br \/>\nRahats\u0131zlanan ki\u015filer, yap\u0131lan ilk m\u00fcdahalenin ard\u0131ndan ambulansla K\u0131r\u0131kkale \u00dcniversitesi T\u0131p Fak\u00fcltesi Hastanesi ile Y\u00fcksek \u0130htisas Hastanesine kald\u0131r\u0131ld\u0131.<br \/>\nHer iki hastanede tedavi alt\u0131na al\u0131nan ki\u015filerin hayati tehlikelerinin bulunmad\u0131\u011f\u0131 \u00f6\u011frenildi.<br \/>\nKaynak: Anadolu Medya<\/p>\n","protected":false},"excerpt":{"rendered":"<p>K\u0131r\u0131kkale&#8217;nin Delice il\u00e7esinde sobadan s\u0131zan karbon monoksit gaz\u0131ndan zehirlendikleri belirlenen 4&#8217;\u00fc \u00e7ocuk 9 ki\u015fi, ambulanslarla hastanelere kald\u0131r\u0131larak tedavi alt\u0131na al\u0131nd\u0131. Al\u0131nan bilgiye g\u00f6re, il\u00e7eye ba\u011fl\u0131 \u00c7erikli beldesi, Yerli kent Mahallesi&#8217;nde ya\u015fayan aile, rahats\u0131zlan\u0131nca 112 Acil \u00c7a\u011fr\u0131 merkezine haber verildi. Olay yerine ambulans ve jandarma ekipleri sevk edildi. Sa\u011fl\u0131k g\u00f6revlileri yapt\u0131klar\u0131 kontrolde evde bulunan 4&#8217;\u00fc \u00e7ocuk &hellip;<\/p>\n","protected":false},"author":3,"featured_media":401,"comment_status":"open","ping_status":"closed","sticky":false,"template":"","format":"standard","meta":{"_bbp_topic_count":0,"_bbp_reply_count":0,"_bbp_total_topic_count":0,"_bbp_total_reply_count":0,"_bbp_voice_count":0,"_bbp_anonymous_reply_count":0,"_bbp_topic_count_hidden":0,"_bbp_reply_count_hidden":0,"_bbp_forum_subforum_count":0,"footnotes":""},"categories":[1],"tags":[55],"class_list":["post-400","post","type-post","status-publish","format-standard","has-post-thumbnail","hentry","category-manset","tag-sobadan-sizan-gazdan-9-kisi-etkilendi"],"amp_enabled":true,"_links":{"self":[{"href":"https:\/\/ajanskale.com\/index.php\/wp-json\/wp\/v2\/posts\/400","targetHints":{"allow":["GET"]}}],"collection":[{"href":"https:\/\/ajanskale.com\/index.php\/wp-json\/wp\/v2\/posts"}],"about":[{"href":"https:\/\/ajanskale.com\/index.php\/wp-json\/wp\/v2\/types\/post"}],"author":[{"embeddable":true,"href":"https:\/\/ajanskale.com\/index.php\/wp-json\/wp\/v2\/users\/3"}],"replies":[{"embeddable":true,"href":"https:\/\/ajanskale.com\/index.php\/wp-json\/wp\/v2\/comments?post=400"}],"version-history":[{"count":1,"href":"https:\/\/ajanskale.com\/index.php\/wp-json\/wp\/v2\/posts\/400\/revisions"}],"predecessor-version":[{"id":402,"href":"https:\/\/ajanskale.com\/index.php\/wp-json\/wp\/v2\/posts\/400\/revisions\/402"}],"wp:featuredmedia":[{"embeddable":true,"href":"https:\/\/ajanskale.com\/index.php\/wp-json\/wp\/v2\/media\/401"}],"wp:attachment":[{"href":"https:\/\/ajanskale.com\/index.php\/wp-json\/wp\/v2\/media?parent=400"}],"wp:term":[{"taxonomy":"category","embeddable":true,"href":"https:\/\/ajanskale.com\/index.php\/wp-json\/wp\/v2\/categories?post=400"},{"taxonomy":"post_tag","embeddable":true,"href":"https:\/\/ajanskale.com\/index.php\/wp-json\/wp\/v2\/tags?post=400"}],"curies":[{"name":"wp","href":"https:\/\/api.w.org\/{rel}","templated":true}]}}