{"id":397,"date":"2022-02-01T20:51:49","date_gmt":"2022-02-01T20:51:49","guid":{"rendered":"https:\/\/ajanskale.com\/?p=397"},"modified":"2022-09-13T19:54:38","modified_gmt":"2022-09-13T19:54:38","slug":"halil-ozturk-tbmmde-sofor-esnafinin-magduriyetini-dile-getirdi","status":"publish","type":"post","link":"https:\/\/ajanskale.com\/index.php\/2022\/02\/01\/halil-ozturk-tbmmde-sofor-esnafinin-magduriyetini-dile-getirdi\/","title":{"rendered":"Halil \u00d6zt\u00fcrk TBMM\u2019de \u015eof\u00f6r Esnaf\u0131n\u0131n Ma\u011fduriyetini Dile Getirdi."},"content":{"rendered":"<p>SGK Denetimlerinde \u015eof\u00f6r Esnaf\u0131m\u0131zda Ma\u011fduriyet Yaratmas\u0131n<\/p>\n<p>Milletvekili \u00d6zt\u00fcrk TBMM Genel Kurulu\u2019nda yapt\u0131\u011f\u0131 konu\u015fmada; SGK\u2019n\u0131n trafik ceza makbuzlar\u0131na g\u00f6re sigortal\u0131l\u0131k denetimi yapmas\u0131n\u0131 ele\u015ftirdi. \u00d6zt\u00fcrk; \u201cSosyal G\u00fcvenlik Kurumu\u2019nun; kamyoncular, otob\u00fcs\u00e7\u00fcler, servis\u00e7iler, taksiciler i\u00e7in uygulad\u0131\u011f\u0131 Sigortal\u0131l\u0131k Kontrol\u00fc \u0130le ve cezalar ile ilgili Tebli\u011f\u2019i bu aralar \u00e7ok say\u0131da ma\u011fduriyet yaratmaktad\u0131r. \u00d6zellikle ticari arac\u0131 olan vatanda\u015flar\u0131m\u0131z; hastaland\u0131\u011f\u0131nda, direksiyon ba\u015f\u0131nda rahats\u0131zland\u0131\u011f\u0131nda veya ticari arac\u0131n\u0131 \u00f6zel i\u015fleri i\u00e7in kullanmas\u0131 ad\u0131na aile bireylerinden birine verdi\u011finde, trafik ekiplerince yap\u0131lan denetimlerde, o esnada arabay\u0131 kullanan ki\u015fi ara\u00e7 sahibi de\u011filse, \u00e7ok a\u011f\u0131r cezalara maruz kal\u0131nmaktad\u0131r.\u201d dedi.<\/p>\n<p>\u0130tiraz Dilek\u00e7eleri SGK Taraf\u0131ndan Al\u0131nm\u0131yor Mu?<\/p>\n<p>MHP\u2019li \u00d6zt\u00fcrk; TBMM\u2019deki konu\u015fmas\u0131na \u015fu \u015fekilde devam etti: \u201cVatanda\u015flar\u0131m\u0131z taraf\u0131ndan haks\u0131z yere uygulanan bu a\u011f\u0131r cezalara yap\u0131lan itiraz dilek\u00e7eleri de, SGK \u0130l M\u00fcd\u00fcrl\u00fcklerince kabul edilmedi\u011fi y\u00f6n\u00fcnde \u00e7ok say\u0131da \u015fik\u00e2yet bulunmaktad\u0131r. Taraf\u0131ma iletilen t\u00fcm bu ma\u011fduriyetler kapsam\u0131nda; Sosyal G\u00fcvenlik Kurumu masa ba\u015f\u0131nda emniyetin kesti\u011fi trafik ceza tutanaklar\u0131na g\u00f6re ceza tayini yapmamal\u0131d\u0131r. Sigortal\u0131l\u0131k kontrol\u00fc; \u015fof\u00f6r esnaf\u0131m\u0131z\u0131n kabul edece\u011fi, daha elle tutulur kriterlere dayand\u0131r\u0131lmal\u0131 ve sahada \u015fof\u00f6r esnaf\u0131m\u0131zda yaratt\u0131\u011f\u0131 ma\u011fduriyetler biran \u00f6nce d\u00fczeltilmelidir.\u201d diyerek, \u015fof\u00f6r esnaf\u0131n\u0131n her alanda desteklenmesini istedi.<\/p>\n","protected":false},"excerpt":{"rendered":"<p>SGK Denetimlerinde \u015eof\u00f6r Esnaf\u0131m\u0131zda Ma\u011fduriyet Yaratmas\u0131n Milletvekili \u00d6zt\u00fcrk TBMM Genel Kurulu\u2019nda yapt\u0131\u011f\u0131 konu\u015fmada; SGK\u2019n\u0131n trafik ceza makbuzlar\u0131na g\u00f6re sigortal\u0131l\u0131k denetimi yapmas\u0131n\u0131 ele\u015ftirdi. \u00d6zt\u00fcrk; \u201cSosyal G\u00fcvenlik Kurumu\u2019nun; kamyoncular, otob\u00fcs\u00e7\u00fcler, servis\u00e7iler, taksiciler i\u00e7in uygulad\u0131\u011f\u0131 Sigortal\u0131l\u0131k Kontrol\u00fc \u0130le ve cezalar ile ilgili Tebli\u011f\u2019i bu aralar \u00e7ok say\u0131da ma\u011fduriyet yaratmaktad\u0131r. \u00d6zellikle ticari arac\u0131 olan vatanda\u015flar\u0131m\u0131z; hastaland\u0131\u011f\u0131nda, direksiyon ba\u015f\u0131nda rahats\u0131zland\u0131\u011f\u0131nda &hellip;<\/p>\n","protected":false},"author":3,"featured_media":398,"comment_status":"open","ping_status":"closed","sticky":false,"template":"","format":"standard","meta":{"_bbp_topic_count":0,"_bbp_reply_count":0,"_bbp_total_topic_count":0,"_bbp_total_reply_count":0,"_bbp_voice_count":0,"_bbp_anonymous_reply_count":0,"_bbp_topic_count_hidden":0,"_bbp_reply_count_hidden":0,"_bbp_forum_subforum_count":0,"footnotes":""},"categories":[1],"tags":[54],"class_list":["post-397","post","type-post","status-publish","format-standard","has-post-thumbnail","hentry","category-manset","tag-halil-ozturk-mhp"],"amp_enabled":true,"_links":{"self":[{"href":"https:\/\/ajanskale.com\/index.php\/wp-json\/wp\/v2\/posts\/397","targetHints":{"allow":["GET"]}}],"collection":[{"href":"https:\/\/ajanskale.com\/index.php\/wp-json\/wp\/v2\/posts"}],"about":[{"href":"https:\/\/ajanskale.com\/index.php\/wp-json\/wp\/v2\/types\/post"}],"author":[{"embeddable":true,"href":"https:\/\/ajanskale.com\/index.php\/wp-json\/wp\/v2\/users\/3"}],"replies":[{"embeddable":true,"href":"https:\/\/ajanskale.com\/index.php\/wp-json\/wp\/v2\/comments?post=397"}],"version-history":[{"count":2,"href":"https:\/\/ajanskale.com\/index.php\/wp-json\/wp\/v2\/posts\/397\/revisions"}],"predecessor-version":[{"id":975,"href":"https:\/\/ajanskale.com\/index.php\/wp-json\/wp\/v2\/posts\/397\/revisions\/975"}],"wp:featuredmedia":[{"embeddable":true,"href":"https:\/\/ajanskale.com\/index.php\/wp-json\/wp\/v2\/media\/398"}],"wp:attachment":[{"href":"https:\/\/ajanskale.com\/index.php\/wp-json\/wp\/v2\/media?parent=397"}],"wp:term":[{"taxonomy":"category","embeddable":true,"href":"https:\/\/ajanskale.com\/index.php\/wp-json\/wp\/v2\/categories?post=397"},{"taxonomy":"post_tag","embeddable":true,"href":"https:\/\/ajanskale.com\/index.php\/wp-json\/wp\/v2\/tags?post=397"}],"curies":[{"name":"wp","href":"https:\/\/api.w.org\/{rel}","templated":true}]}}