{"id":387,"date":"2022-02-01T20:07:06","date_gmt":"2022-02-01T20:07:06","guid":{"rendered":"https:\/\/ajanskale.com\/?p=387"},"modified":"2022-02-03T19:32:52","modified_gmt":"2022-02-03T19:32:52","slug":"varank-turkiyenin-ilk-lityum-demir-fosfat-batarya-fabrikasinin-temelini-atti","status":"publish","type":"post","link":"https:\/\/ajanskale.com\/index.php\/2022\/02\/01\/varank-turkiyenin-ilk-lityum-demir-fosfat-batarya-fabrikasinin-temelini-atti\/","title":{"rendered":"Varank, T\u00fcrkiye&#8217;nin ilk lityum demir fosfat batarya fabrikas\u0131n\u0131n temelini att\u0131."},"content":{"rendered":"<p>Sanayi ve Teknoloji Bakan\u0131 Mustafa Varank, T\u00fcrkiye&#8217;nin ilk lityum demir fosfat batarya fabrikas\u0131n\u0131n temelini att\u0131. \u00dcetapta tamamlanacak proje i\u00e7in toplamda 180 milyon dolarl\u0131k bir yat\u0131r\u0131m yap\u0131lmas\u0131n\u0131n \u00f6ng\u00f6r\u00fcld\u00fc\u011f\u00fcn\u00fc belirten Varank, \u201c\u0130lk etapta 250 vatanda\u015f\u0131m\u0131z istihdam edilecek, t\u00fcm s\u00fcre\u00e7lerin tamamlanmas\u0131yla birlikte bu istihdam\u0131 600&#8217;e \u00e7\u0131karm\u0131\u015f olacaklar.\u201d dedi.<\/p>\n<p>Bakan Varank, Polatl\u0131&#8217;da Kontrolmatik Teknoloji Lityum Demir Fosfat Batarya Fabrikas\u0131 Temel Atma T\u00f6reni\u2019ne kat\u0131ld\u0131. Buradaki konu\u015fmas\u0131nda, T\u00fcrkiye&#8217;yi kritik teknolojileri \u00fcretebilen k\u00fcresel bir \u00fcs haline getirmek amac\u0131yla \u00e7al\u0131\u015ft\u0131klar\u0131n\u0131 dile getiren Varank, &#8220;Kontrolmatik&#8217;in batarya teknolojileri ve enerji depolama sistemleri alan\u0131ndaki bu \u00f6nc\u00fc yat\u0131r\u0131m\u0131 da bu vizyonu tahkim edecek \u00f6nemli bir giri\u015fim.&#8221; diye konu\u015ftu.<\/p>\n<p>ENERJ\u0130N\u0130N DEPOLANMASI<\/p>\n<p>Varank, h\u0131zl\u0131 teknolojik geli\u015fmelerle enerjiye olan ihtiyac\u0131n her ge\u00e7en g\u00fcn artt\u0131\u011f\u0131na dikkati \u00e7ekerek, &#8220;Enerjinin \u00fcretimi ve iletimi kadar depolanabilmesi de hayati \u00f6neme sahip bir konu olarak kar\u015f\u0131m\u0131za \u00e7\u0131k\u0131yor. Bu yat\u0131r\u0131m\u0131n k\u0131ymeti, elektrikli ara\u00e7 ve t\u00fcketici elektroni\u011fi sekt\u00f6rleriyle birlikte de\u011ferlendirildi\u011finde daha net ortaya \u00e7\u0131kacakt\u0131r.&#8221; de\u011ferlendirmesinde bulundu.<\/p>\n<p>Fosil yak\u0131tlar\u0131n kullan\u0131ld\u0131\u011f\u0131 i\u00e7ten yanmal\u0131 motor teknolojisinin tarih oldu\u011funu ifade eden Varank, bunlar\u0131n yerini alacak elektrikli ara\u00e7lar\u0131n maliyetinin b\u00fcy\u00fck k\u0131sm\u0131n\u0131n da pillerden kaynakland\u0131\u011f\u0131na i\u015faret etti.<\/p>\n<p>\u015eARJ ALTYAPISI \u0130\u00c7\u0130N DE KR\u0130T\u0130K UNSUR<\/p>\n<p>Varank, enerji depolama sistemlerinin \u015farj altyap\u0131s\u0131 i\u00e7in de kritik bir unsur oldu\u011funu belirterek, &#8220;Biz de \u00fclke olarak, rekabet \u015fartlar\u0131n\u0131n e\u015fitlendi\u011fi \u015fu d\u00f6nemde T\u00fcrkiye&#8217;nin Otomobili ile elektrikli ara\u00e7 sekt\u00f6r\u00fcne h\u0131zl\u0131 bir giri\u015f yapt\u0131k. \u015eu anda projede her \u015fey yolunda ilerliyor. Y\u0131l sonunda, in\u015fallah, ilk ara\u00e7lar seri \u00fcretim band\u0131ndan inecek ama biz, TOGG gibi projelerin uzun vadede kal\u0131c\u0131 ba\u015far\u0131ya ula\u015fmas\u0131nda pil teknolojilerinin \u00e7ok etkili olaca\u011f\u0131n\u0131n fark\u0131nday\u0131z.&#8221; dedi.<\/p>\n<p>FARAS\u0130S \u0130LE TOGG \u0130\u015e B\u0130RL\u0130\u011e\u0130<\/p>\n<p>Bu sebeple, d\u00fcnyan\u0131n en b\u00fcy\u00fck batarya \u00fcreticilerinden FARAS\u0130S ile TOGG aras\u0131nda bir i\u015f birli\u011fine gidildi\u011fini an\u0131msatan Varank, T\u00fcrkiye&#8217;nin Otomobili&#8217;nde kullan\u0131lacak bataryalar\u0131n T\u00fcrkiye&#8217;de \u00fcretilmesine y\u00f6nelik yat\u0131r\u0131m \u00e7al\u0131\u015fmalar\u0131n\u0131n Gemlik&#8217;te t\u00fcm h\u0131z\u0131yla s\u00fcrd\u00fcr\u00fcld\u00fc\u011f\u00fcn\u00fc bildirdi. Varank, Ford Otosan&#8217;\u0131n da T\u00fcrkiye&#8217;de benzer bir yat\u0131r\u0131m\u0131n\u0131n s\u00f6z konusu oldu\u011funu aktararak, an\u0131lan firman\u0131n b\u00fcy\u00fck bir pil yat\u0131r\u0131m\u0131yla ilgili m\u00fcjdeli haberleri de \u00e7ok yak\u0131n zamanda duyuracaklar\u0131n\u0131 kaydetti.<\/p>\n<p>YERL\u0130 VE M\u0130LL\u0130<\/p>\n<p>Kontrolmatik Teknoloji&#8217;nin yat\u0131r\u0131m\u0131na da de\u011finen Varank, &#8220;Burada, \u00e7ok daha b\u00fcy\u00fck bir ekosistemin olu\u015fmas\u0131 ve ulusal kapasitemizin geli\u015fmesi en m\u00fchimi. Kontrolmatik Teknoloji&#8217;nin bu yat\u0131r\u0131m\u0131 da sekt\u00f6rdeki artan depolama ihtiyac\u0131n\u0131 yerli ve milli imkanlarla kar\u015f\u0131lama noktas\u0131nda \u00f6ne \u00e7\u0131kan, yerinde bir ad\u0131m. Gerek teknolojisi gerekse \u00f6l\u00e7e\u011fi bak\u0131m\u0131ndan \u00fclkemizin g\u00fcc\u00fcne ve enerjisine \u00e7ok \u015fey kataca\u011f\u0131na inan\u0131yorum. 3 etapta tamamlanacak bu proje i\u00e7in toplamda 180 milyon dolarl\u0131k bir yat\u0131r\u0131m yap\u0131lmas\u0131 \u00f6ng\u00f6r\u00fcl\u00fcyor. \u0130lk etapta 250 vatanda\u015f\u0131m\u0131z istihdam edilecek, t\u00fcm s\u00fcre\u00e7lerin tamamlanmas\u0131yla birlikte bu istihdam\u0131 600&#8217;e \u00e7\u0131karm\u0131\u015f olacaklar. Yine \u00fcretim kapasitesi olarak da 250 megavat saatle ba\u015flan\u0131p 1000 megavata y\u00fckseltilmesi hedefleniyor. Tabii bu \u00fcretim, cari a\u00e7\u0131\u011f\u0131m\u0131z\u0131n azalt\u0131lmas\u0131 noktas\u0131nda da hat\u0131r\u0131 say\u0131l\u0131r bir katk\u0131 yapacak. Alan\u0131ndaki ilk \u00f6zel sekt\u00f6r yat\u0131r\u0131m\u0131 olacak bu tesis, yapaca\u011f\u0131 \u00fcretimle ithalatta y\u0131ll\u0131k 250 milyon dolarl\u0131k bir d\u00fc\u015f\u00fc\u015f sa\u011flayacak.&#8221; ifadelerini kulland\u0131.<\/p>\n<p>SANAY\u0130 \u00d6NC\u00dcL\u00dc\u011e\u00dcNDE B\u00dcY\u00dcME<\/p>\n<p>&#8220;Babayi\u011fit&#8221; m\u00fcte\u015febbislerle T\u00fcrkiye&#8217;yi 2022&#8217;de de sanayi \u00f6nc\u00fcl\u00fc\u011f\u00fcnde b\u00fcy\u00fctmeye devam edeceklerini belirten Varank, \u00fclkeyi yat\u0131r\u0131m, \u00fcretim, ihracat ve istihdam rotas\u0131nda tutmay\u0131 s\u00fcrd\u00fcreceklerini, enerji yat\u0131r\u0131mlar\u0131n\u0131n da bu hedeflere ula\u015fman\u0131n teminat\u0131 olaca\u011f\u0131n\u0131 anlatt\u0131.<\/p>\n<p>YATIRIMA DAVET<\/p>\n<p>Varank, \u00fclkede yerle\u015fik \u00fcreticilerle global firmalar\u0131 benzer yat\u0131r\u0131mlar\u0131 yapmak \u00fczere T\u00fcrkiye&#8217;ye davet ederek, &#8220;\u00dclkemiz, Cumhurba\u015fkan\u0131m\u0131z\u0131n liderli\u011finde olu\u015fturdu\u011fu rekabet\u00e7i i\u015f ortam\u0131yla, cazip te\u015fvikleriyle, g\u00fc\u00e7l\u00fc finans sistemi ve makroekonomik yap\u0131s\u0131yla yat\u0131r\u0131mlar\u0131n\u0131z i\u00e7in g\u00fcvenli bir limand\u0131r. Gelin buradaki f\u0131rsatlar\u0131 hep birlikte de\u011ferlendirelim ve kazanal\u0131m.&#8221; dedi.<\/p>\n<p>T\u00f6rende, Ankara Valisi Vasip \u015eahin ile KontrolMatik Teknoloji Y\u00f6netim Kurulu Ba\u015fkan\u0131 Sami Aslanhan da birer konu\u015fma yapt\u0131.<\/p>\n<p>Bakan Varank ve beraberindekiler, konu\u015fmalar\u0131n ard\u0131ndan butonlara basarak fabrikan\u0131n temelini att\u0131lar.<\/p>\n<p>S\u00f6z konusu yat\u0131r\u0131m ile \u015febeke d\u00fczeyinde enerji depolama tesisleri, elektrikli ara\u00e7 teknolojileri ve \u015farj destek sistemleri ba\u015fta olmak \u00fczere yeni teknolojik uygulamalar, end\u00fcstriyel tesislere y\u00f6nelik anahtar teslim enerji depolama \u00e7\u00f6z\u00fcmleri, yenilenebilir enerji uygulamalar\u0131, mesken uygulamalar\u0131 ve ada kurulumlar\u0131 yap\u0131lacak.<\/p>\n","protected":false},"excerpt":{"rendered":"<p>Sanayi ve Teknoloji Bakan\u0131 Mustafa Varank, T\u00fcrkiye&#8217;nin ilk lityum demir fosfat batarya fabrikas\u0131n\u0131n temelini att\u0131. \u00dcetapta tamamlanacak proje i\u00e7in toplamda 180 milyon dolarl\u0131k bir yat\u0131r\u0131m yap\u0131lmas\u0131n\u0131n \u00f6ng\u00f6r\u00fcld\u00fc\u011f\u00fcn\u00fc belirten Varank, \u201c\u0130lk etapta 250 vatanda\u015f\u0131m\u0131z istihdam edilecek, t\u00fcm s\u00fcre\u00e7lerin tamamlanmas\u0131yla birlikte bu istihdam\u0131 600&#8217;e \u00e7\u0131karm\u0131\u015f olacaklar.\u201d dedi. Bakan Varank, Polatl\u0131&#8217;da Kontrolmatik Teknoloji Lityum Demir Fosfat Batarya Fabrikas\u0131 &hellip;<\/p>\n","protected":false},"author":3,"featured_media":388,"comment_status":"open","ping_status":"closed","sticky":false,"template":"","format":"standard","meta":{"_bbp_topic_count":0,"_bbp_reply_count":0,"_bbp_total_topic_count":0,"_bbp_total_reply_count":0,"_bbp_voice_count":0,"_bbp_anonymous_reply_count":0,"_bbp_topic_count_hidden":0,"_bbp_reply_count_hidden":0,"_bbp_forum_subforum_count":0,"footnotes":""},"categories":[1],"tags":[],"class_list":["post-387","post","type-post","status-publish","format-standard","has-post-thumbnail","hentry","category-manset"],"amp_enabled":true,"_links":{"self":[{"href":"https:\/\/ajanskale.com\/index.php\/wp-json\/wp\/v2\/posts\/387","targetHints":{"allow":["GET"]}}],"collection":[{"href":"https:\/\/ajanskale.com\/index.php\/wp-json\/wp\/v2\/posts"}],"about":[{"href":"https:\/\/ajanskale.com\/index.php\/wp-json\/wp\/v2\/types\/post"}],"author":[{"embeddable":true,"href":"https:\/\/ajanskale.com\/index.php\/wp-json\/wp\/v2\/users\/3"}],"replies":[{"embeddable":true,"href":"https:\/\/ajanskale.com\/index.php\/wp-json\/wp\/v2\/comments?post=387"}],"version-history":[{"count":1,"href":"https:\/\/ajanskale.com\/index.php\/wp-json\/wp\/v2\/posts\/387\/revisions"}],"predecessor-version":[{"id":389,"href":"https:\/\/ajanskale.com\/index.php\/wp-json\/wp\/v2\/posts\/387\/revisions\/389"}],"wp:featuredmedia":[{"embeddable":true,"href":"https:\/\/ajanskale.com\/index.php\/wp-json\/wp\/v2\/media\/388"}],"wp:attachment":[{"href":"https:\/\/ajanskale.com\/index.php\/wp-json\/wp\/v2\/media?parent=387"}],"wp:term":[{"taxonomy":"category","embeddable":true,"href":"https:\/\/ajanskale.com\/index.php\/wp-json\/wp\/v2\/categories?post=387"},{"taxonomy":"post_tag","embeddable":true,"href":"https:\/\/ajanskale.com\/index.php\/wp-json\/wp\/v2\/tags?post=387"}],"curies":[{"name":"wp","href":"https:\/\/api.w.org\/{rel}","templated":true}]}}