{"id":2945,"date":"2025-03-19T12:04:10","date_gmt":"2025-03-19T12:04:10","guid":{"rendered":"https:\/\/ajanskale.com\/?p=2945"},"modified":"2025-03-19T12:04:10","modified_gmt":"2025-03-19T12:04:10","slug":"kirikkaleli-kibris-gazisi-yusuf-tanriverdi-son-yolculuguna-ugurlandi","status":"publish","type":"post","link":"https:\/\/ajanskale.com\/index.php\/2025\/03\/19\/kirikkaleli-kibris-gazisi-yusuf-tanriverdi-son-yolculuguna-ugurlandi\/","title":{"rendered":"K\u0131r\u0131kkale&#8217;li K\u0131br\u0131s Gazisi Yusuf Tanr\u0131verdi Son Yolculu\u011funa U\u011furland\u0131"},"content":{"rendered":"\r\n<h2 class=\"wp-block-heading\">K\u0131r\u0131kkale\u2019nin Ah\u0131l\u0131 K\u00f6y\u00fc, k\u0131ymetli bir evlad\u0131n\u0131 daha ebediyete u\u011furlad\u0131.<\/h2>\r\n \r\n\r\nK\u0131br\u0131s Gazisi ve uzun y\u0131llar boyunca Ah\u0131l\u0131 K\u00f6y\u00fc&#8217;nde Foto Kral Foto\u011fraf St\u00fcdyosu&#8217;nu i\u015fleten Yusuf Tanr\u0131verdi, 18 Mart 2025 tarihinde hayat\u0131n\u0131 kaybetti.\r\n\r\n \r\n\r\nMerhum Celal Tanr\u0131verdi\u2019nin o\u011flu, Ey\u00fcphan ve Fahri Tanr\u0131verdi\u2019nin babas\u0131 olan Yusuf Tanr\u0131verdi, k\u00f6y halk\u0131 taraf\u0131ndan sevilen ve sayg\u0131 duyulan bir isimdi. Uzun y\u0131llar boyunca k\u00f6ydeki foto\u011fraf st\u00fcdyosuyla hat\u0131ralar\u0131 \u00f6l\u00fcms\u00fczle\u015ftiren Tanr\u0131verdi, sosyal ya\u015famda aktif rol alarak toplum i\u00e7inde \u00f6nemli bir yer edinmi\u015fti. M\u00fctevaz\u0131 ki\u015fili\u011fi ve yard\u0131mseverli\u011fi ile \u00f6zellikle gen\u00e7 neslin g\u00f6nl\u00fcnde taht kuran Tanr\u0131verdi, k\u00f6yde derin izler b\u0131rakt\u0131.\r\n\r\n \r\n\r\nCenaze namaz\u0131, Ah\u0131l\u0131 K\u00f6y\u00fc Camii&#8217;nde k\u0131l\u0131nan ikindi namaz\u0131n\u0131n ard\u0131ndan k\u00f6y mezarl\u0131\u011f\u0131nda defnedildi. Cenaze t\u00f6renine K\u0131r\u0131kkale Valisi Mehmet Makas, K\u0131r\u0131kkale Belediye Ba\u015fkan\u0131 Ahmet \u00d6nal, M\u00fchimmat ve Garnizon Komutan\u0131 Tu\u011fgeneral Mehmet Ali Durmu\u015f, \u0130l Emniyet M\u00fcd\u00fcr\u00fc Mustafa Emre Ba\u015fbu\u011f, \u0130l Jandarma Komutan\u0131 Jandarma K\u0131demli Albay Hasan Acar, AK Parti \u0130l Ba\u015fkan\u0131 Engin Pehlivanl\u0131, Tanr\u0131verdi\u2019nin dostlar\u0131 ve \u00e7ok say\u0131da k\u00f6y sakini kat\u0131ld\u0131.\r\n\r\n \r\n\r\nYusuf Tanr\u0131verdi\u2019nin vefat\u0131, Ah\u0131l\u0131 K\u00f6y\u00fc\u2019nde b\u00fcy\u00fck \u00fcz\u00fcnt\u00fcye neden olurken, sevenleri onun hat\u0131ralar\u0131n\u0131 ya\u015fatmaya devam edeceklerini belirtti.\r\n\r\n","protected":false},"excerpt":{"rendered":"<p>K\u0131r\u0131kkale\u2019nin Ah\u0131l\u0131 K\u00f6y\u00fc, k\u0131ymetli bir evlad\u0131n\u0131 daha ebediyete u\u011furlad\u0131. K\u0131br\u0131s Gazisi ve uzun y\u0131llar boyunca Ah\u0131l\u0131 K\u00f6y\u00fc&#8217;nde Foto Kral Foto\u011fraf St\u00fcdyosu&#8217;nu i\u015fleten Yusuf Tanr\u0131verdi, 18 Mart 2025 tarihinde hayat\u0131n\u0131 kaybetti. Merhum Celal Tanr\u0131verdi\u2019nin o\u011flu, Ey\u00fcphan ve Fahri Tanr\u0131verdi\u2019nin babas\u0131 olan Yusuf Tanr\u0131verdi, k\u00f6y halk\u0131 taraf\u0131ndan sevilen ve sayg\u0131 duyulan bir isimdi. Uzun y\u0131llar boyunca k\u00f6ydeki &hellip;<\/p>\n","protected":false},"author":3,"featured_media":2946,"comment_status":"open","ping_status":"closed","sticky":false,"template":"","format":"standard","meta":{"_bbp_topic_count":0,"_bbp_reply_count":0,"_bbp_total_topic_count":0,"_bbp_total_reply_count":0,"_bbp_voice_count":0,"_bbp_anonymous_reply_count":0,"_bbp_topic_count_hidden":0,"_bbp_reply_count_hidden":0,"_bbp_forum_subforum_count":0,"footnotes":""},"categories":[9,2,1],"tags":[],"class_list":["post-2945","post","type-post","status-publish","format-standard","has-post-thumbnail","hentry","category-manset-manset","category-guncel","category-manset"],"amp_enabled":true,"_links":{"self":[{"href":"https:\/\/ajanskale.com\/index.php\/wp-json\/wp\/v2\/posts\/2945","targetHints":{"allow":["GET"]}}],"collection":[{"href":"https:\/\/ajanskale.com\/index.php\/wp-json\/wp\/v2\/posts"}],"about":[{"href":"https:\/\/ajanskale.com\/index.php\/wp-json\/wp\/v2\/types\/post"}],"author":[{"embeddable":true,"href":"https:\/\/ajanskale.com\/index.php\/wp-json\/wp\/v2\/users\/3"}],"replies":[{"embeddable":true,"href":"https:\/\/ajanskale.com\/index.php\/wp-json\/wp\/v2\/comments?post=2945"}],"version-history":[{"count":1,"href":"https:\/\/ajanskale.com\/index.php\/wp-json\/wp\/v2\/posts\/2945\/revisions"}],"predecessor-version":[{"id":2947,"href":"https:\/\/ajanskale.com\/index.php\/wp-json\/wp\/v2\/posts\/2945\/revisions\/2947"}],"wp:featuredmedia":[{"embeddable":true,"href":"https:\/\/ajanskale.com\/index.php\/wp-json\/wp\/v2\/media\/2946"}],"wp:attachment":[{"href":"https:\/\/ajanskale.com\/index.php\/wp-json\/wp\/v2\/media?parent=2945"}],"wp:term":[{"taxonomy":"category","embeddable":true,"href":"https:\/\/ajanskale.com\/index.php\/wp-json\/wp\/v2\/categories?post=2945"},{"taxonomy":"post_tag","embeddable":true,"href":"https:\/\/ajanskale.com\/index.php\/wp-json\/wp\/v2\/tags?post=2945"}],"curies":[{"name":"wp","href":"https:\/\/api.w.org\/{rel}","templated":true}]}}