{"id":2849,"date":"2024-12-31T09:59:37","date_gmt":"2024-12-31T09:59:37","guid":{"rendered":"https:\/\/ajanskale.com\/?p=2849"},"modified":"2024-12-31T11:36:47","modified_gmt":"2024-12-31T11:36:47","slug":"istenince-yapiliyormus","status":"publish","type":"post","link":"https:\/\/ajanskale.com\/index.php\/2024\/12\/31\/istenince-yapiliyormus\/","title":{"rendered":"\u0130stenince Yap\u0131l\u0131yormu\u015f."},"content":{"rendered":"<p>Yakla\u015f\u0131k otuz y\u0131ld\u0131r su problemi ya\u015fayan, bayramlarda dahi suyu akmayan \u00e7\u00f6pleri al\u0131nmayan, tarihi, k\u00fclt\u00fcrel zenginleri ile an\u0131lmas\u0131 gerekirken Keskin il\u00e7esi yerel ve ulusal medyada ismi hep olumsuzluklarla an\u0131l\u0131yordu.<\/p>\n<p>Vatanda\u015f su s\u0131k\u0131nt\u0131s\u0131, yollar\u0131n bozuklu\u011fu, \u00e7\u00f6plerin al\u0131nmay\u0131\u015f\u0131, alt yap\u0131n\u0131n olmamas\u0131, yerel y\u00f6netimin ilgisizli\u011fi, ya\u015fam\u00a0 s\u0131tandartlar\u0131n\u0131n d\u00fc\u015f\u00fck olmas\u0131 nedeniyle il\u00e7eyi bo\u015faltmaya ve g\u00f6\u00e7e ba\u015flad\u0131 bu s\u00fcre\u00e7te il\u00e7e n\u00fcfusu yirmi binlerden sekiz dokuz binlere d\u00fc\u015ft\u00fc.<\/p>\n<p><img loading=\"lazy\" decoding=\"async\" class=\"wp-image-2851 alignleft\" src=\"https:\/\/ajanskale.com\/wp-content\/uploads\/2024\/12\/272671img0190jpg.jpg\" alt=\"\" width=\"417\" height=\"278\" srcset=\"https:\/\/ajanskale.com\/wp-content\/uploads\/2024\/12\/272671img0190jpg.jpg 800w, https:\/\/ajanskale.com\/wp-content\/uploads\/2024\/12\/272671img0190jpg-300x200.jpg 300w, https:\/\/ajanskale.com\/wp-content\/uploads\/2024\/12\/272671img0190jpg-768x512.jpg 768w\" sizes=\"auto, (max-width: 417px) 100vw, 417px\" \/>\u0130smi her zaman\u00a0 bir \u00e7ok kahramanl\u0131klar ile al\u0131nan Keskin\u00a0 art\u0131k \u00e7al\u0131\u015fkan bir belediye ba\u015fkan\u0131n\u0131n gelmesiyle eski g\u00fcnlerine yava\u015f yava\u015f d\u00f6n\u00fcyor. Son sekiz ayda Keskin il\u00e7esinde g\u00f6zle g\u00f6r\u00fcl\u00fcr \u015fekilde de\u011fi\u015fimler ya\u015fanmaya ba\u015flad\u0131.<\/p>\n<p>\u0130l\u00e7enin su problemi neredeyse \u00e7\u00f6z\u00fcld\u00fc,alt yap\u0131 \u00e7al\u0131\u015fmalar\u0131 ba\u015flad\u0131, bozuk yollar yap\u0131l\u0131yor, temizlik, ve \u00e7\u00f6pler d\u00fczenli olarak al\u0131n\u0131yor. yeni a\u00e7\u0131lan su kuyular\u0131 ile il\u00e7eye hem kaliteli su veriliyor, hemde su birli\u011finden al\u0131nan su miktar\u0131 d\u00fc\u015f\u00fcyor b\u00f6ylece y\u0131llard\u0131r mecbur kald\u0131\u011f\u0131m\u0131z su birli\u011fne ba\u011f\u0131ml\u0131l\u0131\u011f\u0131m\u0131z azal\u0131yor, belediye ara\u00e7 filosunu geni\u015fletiyor, hizmet a\u011f\u0131 art\u0131yor, di\u011fer kamu kurulu\u015flar\u0131 ile ortak kararlar al\u0131narak b\u00fcrakrasi ve belediye ili\u015fkileri \u00fcst d\u00fczeyde tutuluyor, b\u00f6ylece \u015fehre gelecek hizmeler art\u0131yor ve h\u0131zlan\u0131yor.<\/p>\n<p>Yani k\u0131sacas\u0131<strong> istenilir ise oluyormu\u015f<\/strong>, istenilirse beyt\u00fc&#8217;l-mal&#8217;a sahip \u00e7\u0131k\u0131l\u0131rsa \u00e7ok g\u00fczel hizmetler yap\u0131l\u0131yormu\u015f.<\/p>\n","protected":false},"excerpt":{"rendered":"<p>Yakla\u015f\u0131k otuz y\u0131ld\u0131r su problemi ya\u015fayan, bayramlarda dahi suyu akmayan \u00e7\u00f6pleri al\u0131nmayan, tarihi, k\u00fclt\u00fcrel zenginleri ile an\u0131lmas\u0131 gerekirken Keskin il\u00e7esi yerel ve ulusal medyada ismi hep olumsuzluklarla an\u0131l\u0131yordu. Vatanda\u015f su s\u0131k\u0131nt\u0131s\u0131, yollar\u0131n bozuklu\u011fu, \u00e7\u00f6plerin al\u0131nmay\u0131\u015f\u0131, alt yap\u0131n\u0131n olmamas\u0131, yerel y\u00f6netimin ilgisizli\u011fi, ya\u015fam\u00a0 s\u0131tandartlar\u0131n\u0131n d\u00fc\u015f\u00fck olmas\u0131 nedeniyle il\u00e7eyi bo\u015faltmaya ve g\u00f6\u00e7e ba\u015flad\u0131 bu s\u00fcre\u00e7te il\u00e7e n\u00fcfusu &hellip;<\/p>\n","protected":false},"author":3,"featured_media":2863,"comment_status":"open","ping_status":"closed","sticky":false,"template":"","format":"standard","meta":{"_bbp_topic_count":0,"_bbp_reply_count":0,"_bbp_total_topic_count":0,"_bbp_total_reply_count":0,"_bbp_voice_count":0,"_bbp_anonymous_reply_count":0,"_bbp_topic_count_hidden":0,"_bbp_reply_count_hidden":0,"_bbp_forum_subforum_count":0,"footnotes":""},"categories":[9,2],"tags":[],"class_list":["post-2849","post","type-post","status-publish","format-standard","has-post-thumbnail","hentry","category-manset-manset","category-guncel"],"amp_enabled":true,"_links":{"self":[{"href":"https:\/\/ajanskale.com\/index.php\/wp-json\/wp\/v2\/posts\/2849","targetHints":{"allow":["GET"]}}],"collection":[{"href":"https:\/\/ajanskale.com\/index.php\/wp-json\/wp\/v2\/posts"}],"about":[{"href":"https:\/\/ajanskale.com\/index.php\/wp-json\/wp\/v2\/types\/post"}],"author":[{"embeddable":true,"href":"https:\/\/ajanskale.com\/index.php\/wp-json\/wp\/v2\/users\/3"}],"replies":[{"embeddable":true,"href":"https:\/\/ajanskale.com\/index.php\/wp-json\/wp\/v2\/comments?post=2849"}],"version-history":[{"count":3,"href":"https:\/\/ajanskale.com\/index.php\/wp-json\/wp\/v2\/posts\/2849\/revisions"}],"predecessor-version":[{"id":2862,"href":"https:\/\/ajanskale.com\/index.php\/wp-json\/wp\/v2\/posts\/2849\/revisions\/2862"}],"wp:featuredmedia":[{"embeddable":true,"href":"https:\/\/ajanskale.com\/index.php\/wp-json\/wp\/v2\/media\/2863"}],"wp:attachment":[{"href":"https:\/\/ajanskale.com\/index.php\/wp-json\/wp\/v2\/media?parent=2849"}],"wp:term":[{"taxonomy":"category","embeddable":true,"href":"https:\/\/ajanskale.com\/index.php\/wp-json\/wp\/v2\/categories?post=2849"},{"taxonomy":"post_tag","embeddable":true,"href":"https:\/\/ajanskale.com\/index.php\/wp-json\/wp\/v2\/tags?post=2849"}],"curies":[{"name":"wp","href":"https:\/\/api.w.org\/{rel}","templated":true}]}}