{"id":2767,"date":"2024-11-19T16:15:06","date_gmt":"2024-11-19T16:15:06","guid":{"rendered":"https:\/\/ajanskale.com\/?p=2767"},"modified":"2024-11-19T16:15:06","modified_gmt":"2024-11-19T16:15:06","slug":"ozturk-disiplin-kurulu-baskani-oldu","status":"publish","type":"post","link":"https:\/\/ajanskale.com\/index.php\/2024\/11\/19\/ozturk-disiplin-kurulu-baskani-oldu\/","title":{"rendered":"\u00d6zt\u00fcrk Disiplin Kurulu Ba\u015fkan\u0131 Oldu."},"content":{"rendered":"<div class=\"content-description\">MHP K\u0131r\u0131kkale Milletvekili Av. Halil \u00d6zt\u00fcrk\u2019e, MHP Genel Ba\u015fkan\u0131 Devlet Bah\u00e7eli taraf\u0131ndan \u00f6nemli bir g\u00f6rev verildi. \u00d6zt\u00fcrk, TBMM \u00e7at\u0131s\u0131 alt\u0131nda MHP Grubu Disiplin Kurulu Ba\u015fkan\u0131 olarak atand\u0131.<\/div>\n<div class=\"article-content\">\n<div class=\"text-content\">\n<h2><\/h2>\n<h2>TBMM D\u0130S\u0130PL\u0130N KURULU BA\u015eKANI OLDU<\/h2>\n<div class=\"google-auto-placed ap_container\"><ins class=\"adsbygoogle adsbygoogle-noablate\" data-ad-format=\"auto\" data-ad-client=\"ca-pub-6265404652403069\" data-adsbygoogle-status=\"done\" data-ad-status=\"unfilled\"><\/p>\n<div id=\"aswift_7_host\"><\/div>\n<p><\/ins><\/div>\n<p>MHP \u00e7at\u0131s\u0131 alt\u0131nda iki d\u00f6nemdir K\u0131r\u0131kkale Milletvekili olarak g\u00f6rev yapan, daha \u00f6ncelerden MHP Disiplin Kurulu Ba\u015fkanl\u0131\u011f\u0131 g\u00f6revini de y\u00fcr\u00fcten Av. Halil \u00d6zt\u00fcrk, bir \u00f6nemli g\u00f6revi daha \u00fcstlendi. MHP K\u0131r\u0131kkale Milletvekili Av. Halil \u00d6zt\u00fcrk\u2019e, MHP Genel Ba\u015fkan\u0131 Devlet Bah\u00e7eli taraf\u0131ndan \u00f6nemli bir g\u00f6rev verildi. \u00d6zt\u00fcrk, TBMM \u00e7at\u0131s\u0131 alt\u0131nda MHP Grubu Disiplin Kurulu Ba\u015fkan\u0131 olarak atand\u0131.<\/p>\n<h2>VAZGE\u00c7\u0130LMEZ B\u0130R YEM\u0130NLE Y\u00dcR\u00dcYECE\u011e\u0130Z<\/h2>\n<div class=\"google-auto-placed ap_container\"><ins class=\"adsbygoogle adsbygoogle-noablate\" data-ad-format=\"auto\" data-ad-client=\"ca-pub-6265404652403069\" data-adsbygoogle-status=\"done\" data-ad-status=\"unfilled\"><\/p>\n<div id=\"aswift_8_host\"><\/div>\n<p><\/ins><\/div>\n<p>Konuyla ilgili a\u00e7\u0131klamalarda bulunan \u00d6zt\u00fcrk, \u201cLiderimiz, Genel Ba\u015fkan\u0131m\u0131z Devlet Bah\u00e7eli Beyefendi&#8217;nin takdir ve tensipleriyle T\u00fcrkiye B\u00fcy\u00fck Millet Meclisi \u00e7at\u0131s\u0131 alt\u0131nda Milliyet\u00e7i Hareket Partisi Grubu Disiplin Kurulu Ba\u015fkan\u0131 olarak atanm\u0131\u015f bulunmaktay\u0131m. Bu g\u00f6reve \u015fahs\u0131m\u0131 lay\u0131k g\u00f6ren Say\u0131n Genel Ba\u015fkan\u0131m\u0131za sayg\u0131lar\u0131m\u0131 ve \u015f\u00fckranlar\u0131m\u0131 sunar\u0131m. Sadakatle ve vazge\u00e7ilmez bir yeminle Liderimizin emrinde y\u00fcr\u00fcmeye devam edece\u011fiz\u201d dedi.<\/p>\n<\/div>\n<\/div>\n","protected":false},"excerpt":{"rendered":"<p>MHP K\u0131r\u0131kkale Milletvekili Av. Halil \u00d6zt\u00fcrk\u2019e, MHP Genel Ba\u015fkan\u0131 Devlet Bah\u00e7eli taraf\u0131ndan \u00f6nemli bir g\u00f6rev verildi. \u00d6zt\u00fcrk, TBMM \u00e7at\u0131s\u0131 alt\u0131nda MHP Grubu Disiplin Kurulu Ba\u015fkan\u0131 olarak atand\u0131. TBMM D\u0130S\u0130PL\u0130N KURULU BA\u015eKANI OLDU MHP \u00e7at\u0131s\u0131 alt\u0131nda iki d\u00f6nemdir K\u0131r\u0131kkale Milletvekili olarak g\u00f6rev yapan, daha \u00f6ncelerden MHP Disiplin Kurulu Ba\u015fkanl\u0131\u011f\u0131 g\u00f6revini de y\u00fcr\u00fcten Av. Halil \u00d6zt\u00fcrk, bir &hellip;<\/p>\n","protected":false},"author":3,"featured_media":2401,"comment_status":"open","ping_status":"closed","sticky":false,"template":"","format":"standard","meta":{"_bbp_topic_count":0,"_bbp_reply_count":0,"_bbp_total_topic_count":0,"_bbp_total_reply_count":0,"_bbp_voice_count":0,"_bbp_anonymous_reply_count":0,"_bbp_topic_count_hidden":0,"_bbp_reply_count_hidden":0,"_bbp_forum_subforum_count":0,"footnotes":""},"categories":[9,60],"tags":[],"class_list":["post-2767","post","type-post","status-publish","format-standard","has-post-thumbnail","hentry","category-manset-manset","category-politika"],"amp_enabled":true,"_links":{"self":[{"href":"https:\/\/ajanskale.com\/index.php\/wp-json\/wp\/v2\/posts\/2767","targetHints":{"allow":["GET"]}}],"collection":[{"href":"https:\/\/ajanskale.com\/index.php\/wp-json\/wp\/v2\/posts"}],"about":[{"href":"https:\/\/ajanskale.com\/index.php\/wp-json\/wp\/v2\/types\/post"}],"author":[{"embeddable":true,"href":"https:\/\/ajanskale.com\/index.php\/wp-json\/wp\/v2\/users\/3"}],"replies":[{"embeddable":true,"href":"https:\/\/ajanskale.com\/index.php\/wp-json\/wp\/v2\/comments?post=2767"}],"version-history":[{"count":1,"href":"https:\/\/ajanskale.com\/index.php\/wp-json\/wp\/v2\/posts\/2767\/revisions"}],"predecessor-version":[{"id":2768,"href":"https:\/\/ajanskale.com\/index.php\/wp-json\/wp\/v2\/posts\/2767\/revisions\/2768"}],"wp:featuredmedia":[{"embeddable":true,"href":"https:\/\/ajanskale.com\/index.php\/wp-json\/wp\/v2\/media\/2401"}],"wp:attachment":[{"href":"https:\/\/ajanskale.com\/index.php\/wp-json\/wp\/v2\/media?parent=2767"}],"wp:term":[{"taxonomy":"category","embeddable":true,"href":"https:\/\/ajanskale.com\/index.php\/wp-json\/wp\/v2\/categories?post=2767"},{"taxonomy":"post_tag","embeddable":true,"href":"https:\/\/ajanskale.com\/index.php\/wp-json\/wp\/v2\/tags?post=2767"}],"curies":[{"name":"wp","href":"https:\/\/api.w.org\/{rel}","templated":true}]}}