{"id":2756,"date":"2024-11-19T12:02:26","date_gmt":"2024-11-19T12:02:26","guid":{"rendered":"https:\/\/ajanskale.com\/?p=2756"},"modified":"2024-11-19T12:02:26","modified_gmt":"2024-11-19T12:02:26","slug":"keskin-kirikkale-yolinda-trafik-kazasi","status":"publish","type":"post","link":"https:\/\/ajanskale.com\/index.php\/2024\/11\/19\/keskin-kirikkale-yolinda-trafik-kazasi\/","title":{"rendered":"Keskin K\u0131r\u0131kkale Yol\u0131nda Trafik Kazas\u0131."},"content":{"rendered":"<p>K\u0131r\u0131kkale&#8217;nin Keskin il\u00e7esinde iki otomobilin \u00e7arp\u0131\u015ft\u0131\u011f\u0131 kazada yaralanan 8 ki\u015fi ambulanslarla hastanelere kald\u0131r\u0131ld\u0131.<br \/>\nK\u0131r\u0131kkale-Kayseri karayolu 32. kilometre \u00c7elebi Kav\u015fa\u011f\u0131&#8217;nda iki otomobil \u00e7arp\u0131\u015ft\u0131.<\/p>\n<div class=\"google-auto-placed ap_container\"><ins class=\"adsbygoogle adsbygoogle-noablate\" data-ad-format=\"auto\" data-ad-client=\"ca-pub-1312110740521695\" data-adsbygoogle-status=\"done\" data-ad-status=\"unfilled\"><\/p>\n<div id=\"aswift_3_host\"><span style=\"background-color: #ffffff; color: inherit;\">Olay yerine \u00e7ok say\u0131da sa\u011fl\u0131k, jandarma ve polis ekipleri sevk edildi.<\/span><\/div>\n<p><\/ins><\/div>\n<p>Kazada yaralanan her iki s\u00fcr\u00fcc\u00fc ile birlikte ara\u00e7lardaki 3&#8217;\u00fc \u00e7ocuk 6 yolcu, sa\u011fl\u0131k g\u00f6revlilerince yap\u0131lan ilk m\u00fcdahalenin ard\u0131ndan ambulanslarla kentteki \u00e7e\u015fitli hastanelere kald\u0131r\u0131larak tedavi alt\u0131na al\u0131nd\u0131.<\/p>\n<p>&nbsp;<\/p>\n","protected":false},"excerpt":{"rendered":"<p>K\u0131r\u0131kkale&#8217;nin Keskin il\u00e7esinde iki otomobilin \u00e7arp\u0131\u015ft\u0131\u011f\u0131 kazada yaralanan 8 ki\u015fi ambulanslarla hastanelere kald\u0131r\u0131ld\u0131. K\u0131r\u0131kkale-Kayseri karayolu 32. kilometre \u00c7elebi Kav\u015fa\u011f\u0131&#8217;nda iki otomobil \u00e7arp\u0131\u015ft\u0131. Olay yerine \u00e7ok say\u0131da sa\u011fl\u0131k, jandarma ve polis ekipleri sevk edildi. Kazada yaralanan her iki s\u00fcr\u00fcc\u00fc ile birlikte ara\u00e7lardaki 3&#8217;\u00fc \u00e7ocuk 6 yolcu, sa\u011fl\u0131k g\u00f6revlilerince yap\u0131lan ilk m\u00fcdahalenin ard\u0131ndan ambulanslarla kentteki \u00e7e\u015fitli hastanelere &hellip;<\/p>\n","protected":false},"author":3,"featured_media":2757,"comment_status":"open","ping_status":"closed","sticky":false,"template":"","format":"standard","meta":{"_bbp_topic_count":0,"_bbp_reply_count":0,"_bbp_total_topic_count":0,"_bbp_total_reply_count":0,"_bbp_voice_count":0,"_bbp_anonymous_reply_count":0,"_bbp_topic_count_hidden":0,"_bbp_reply_count_hidden":0,"_bbp_forum_subforum_count":0,"footnotes":""},"categories":[9,7],"tags":[],"class_list":["post-2756","post","type-post","status-publish","format-standard","has-post-thumbnail","hentry","category-manset-manset","category-yasam"],"amp_enabled":true,"_links":{"self":[{"href":"https:\/\/ajanskale.com\/index.php\/wp-json\/wp\/v2\/posts\/2756","targetHints":{"allow":["GET"]}}],"collection":[{"href":"https:\/\/ajanskale.com\/index.php\/wp-json\/wp\/v2\/posts"}],"about":[{"href":"https:\/\/ajanskale.com\/index.php\/wp-json\/wp\/v2\/types\/post"}],"author":[{"embeddable":true,"href":"https:\/\/ajanskale.com\/index.php\/wp-json\/wp\/v2\/users\/3"}],"replies":[{"embeddable":true,"href":"https:\/\/ajanskale.com\/index.php\/wp-json\/wp\/v2\/comments?post=2756"}],"version-history":[{"count":1,"href":"https:\/\/ajanskale.com\/index.php\/wp-json\/wp\/v2\/posts\/2756\/revisions"}],"predecessor-version":[{"id":2758,"href":"https:\/\/ajanskale.com\/index.php\/wp-json\/wp\/v2\/posts\/2756\/revisions\/2758"}],"wp:featuredmedia":[{"embeddable":true,"href":"https:\/\/ajanskale.com\/index.php\/wp-json\/wp\/v2\/media\/2757"}],"wp:attachment":[{"href":"https:\/\/ajanskale.com\/index.php\/wp-json\/wp\/v2\/media?parent=2756"}],"wp:term":[{"taxonomy":"category","embeddable":true,"href":"https:\/\/ajanskale.com\/index.php\/wp-json\/wp\/v2\/categories?post=2756"},{"taxonomy":"post_tag","embeddable":true,"href":"https:\/\/ajanskale.com\/index.php\/wp-json\/wp\/v2\/tags?post=2756"}],"curies":[{"name":"wp","href":"https:\/\/api.w.org\/{rel}","templated":true}]}}