{"id":265,"date":"2022-01-31T22:44:03","date_gmt":"2022-01-31T22:44:03","guid":{"rendered":"https:\/\/ajanskale.com\/?p=265"},"modified":"2022-02-01T18:54:48","modified_gmt":"2022-02-01T18:54:48","slug":"buyus-bas-hayvancilikta-sorunlar-masaya-yatirildi","status":"publish","type":"post","link":"https:\/\/ajanskale.com\/index.php\/2022\/01\/31\/buyus-bas-hayvancilikta-sorunlar-masaya-yatirildi\/","title":{"rendered":"B\u00fcy\u00fc\u015f Ba\u015f Hayvanc\u0131l\u0131kta Sorunlar Masaya Yat\u0131r\u0131ld\u0131."},"content":{"rendered":"<div>Tar\u0131m \u0130l M\u00fcd\u00fcr\u00fc S\u0131rr\u0131 YILMAZ ba\u015fkanl\u0131\u011f\u0131nda; M\u00fcd\u00fcrl\u00fck toplant\u0131 salonunda 26.01.2022 tarihinde \u0130l M\u00fcd\u00fcr Yard\u0131mc\u0131s\u0131, Hayvan Sa\u011fl\u0131\u011f\u0131 \u015eube M\u00fcd\u00fcr\u00fc,ve Teknik Personellerin, B\u00fcy\u00fckba\u015f hayvanc\u0131l\u0131k Payda\u015flar\u0131n\u0131n (Birlik ve Sekt\u00f6r temsilcileri) ve \u00dcreticilerimizin kat\u0131l\u0131m\u0131yla B\u00fcy\u00fckba\u015f Hayvanc\u0131l\u0131\u011f\u0131n\u0131n mevcut durumunu de\u011ferlendirilerek, Sorunlar\u0131n\u0131 Tespit etmek, Geli\u015ftirmeye y\u00f6nelik ad\u0131mlar atmak ve B\u00fcy\u00fckba\u015f Hayvanc\u0131l\u0131\u011f\u0131 konusunda markala\u015fmak, s\u00f6z sahibi olmak ad\u0131na isti\u015fare toplant\u0131s\u0131 d\u00fczenledi.<\/div>\n<div>Tar\u0131m Bakanl\u0131\u011f\u0131 B\u00fcy\u00fckba\u015f hayvanc\u0131l\u0131k desteklemeleri, yem \u00fcretimi, yem temini, s\u00fct \u00fcretimi\/da\u011f\u0131t\u0131m\u0131 ve k\u0131rm\u0131z\u0131 et \u00fcretimi konular\u0131n\u0131n ele al\u0131nd\u0131\u011f\u0131 toplant\u0131da; Toplant\u0131ya ba\u015fkanl\u0131k eden \u0130l M\u00fcd\u00fcr\u00fc S\u0131rr\u0131 YILMAZ bir konu\u015fma ger\u00e7ekle\u015ftirdi.<\/div>\n<div>Konu\u015fmas\u0131nda; \u201cAmac\u0131m\u0131z ilimizde tar\u0131m ve hayvanc\u0131l\u0131\u011f\u0131 t\u00fcm kollar\u0131 ile bir arada geli\u015ftirmek, ilimizi Tar\u0131msal ve Hayvanc\u0131l\u0131k \u00fcretiminde markala\u015ft\u0131rmak, Bu do\u011frultuda sekt\u00f6r\u00fcm\u00fcz\u00fcn her payda\u015f\u0131 ile ileti\u015fim halinde olmak \u00e7ok \u00f6nemli. Bizler bu sekt\u00f6r\u00fcn kamu, sivil toplum kurulu\u015fu, yeti\u015ftirici birlikleri ve \u00fcreticilerimiz ile el ele geli\u015fece\u011fine inan\u0131yoruz. Bu toplant\u0131m\u0131zda hem mevcut potansiyelimizi ve sorunlar\u0131m\u0131z\u0131 hem de hedefledi\u011fimiz geli\u015fim i\u00e7in atmam\u0131z gereken ad\u0131mlar\u0131m\u0131z\u0131 beraberce ataca\u011f\u0131z.\u201d Dedi.<\/div>\n<div>\u0130l M\u00fcd\u00fcr\u00fc S\u0131rr\u0131 YILMAZ \u2019\u0131n konu\u015fmas\u0131n\u0131n ard\u0131ndan Toplant\u0131ya hayvanc\u0131l\u0131k sekt\u00f6r\u00fcm\u00fcze sunulan destekleme imkanlar\u0131 ve K\u0131rsal Kalk\u0131nma Destekleri hakk\u0131nda bilgilendirme yap\u0131larak devam edildi.<\/div>\n<div>Kapsaml\u0131 bilgilendirmelerin ard\u0131ndan, toplant\u0131da sekt\u00f6r payda\u015flar\u0131n\u0131n sorunlar\u0131 ve \u00e7\u00f6z\u00fcm \u00f6nerileri de\u011ferlendirildi.<\/div>\n","protected":false},"excerpt":{"rendered":"<p>Tar\u0131m \u0130l M\u00fcd\u00fcr\u00fc S\u0131rr\u0131 YILMAZ ba\u015fkanl\u0131\u011f\u0131nda; M\u00fcd\u00fcrl\u00fck toplant\u0131 salonunda 26.01.2022 tarihinde \u0130l M\u00fcd\u00fcr Yard\u0131mc\u0131s\u0131, Hayvan Sa\u011fl\u0131\u011f\u0131 \u015eube M\u00fcd\u00fcr\u00fc,ve Teknik Personellerin, B\u00fcy\u00fckba\u015f hayvanc\u0131l\u0131k Payda\u015flar\u0131n\u0131n (Birlik ve Sekt\u00f6r temsilcileri) ve \u00dcreticilerimizin kat\u0131l\u0131m\u0131yla B\u00fcy\u00fckba\u015f Hayvanc\u0131l\u0131\u011f\u0131n\u0131n mevcut durumunu de\u011ferlendirilerek, Sorunlar\u0131n\u0131 Tespit etmek, Geli\u015ftirmeye y\u00f6nelik ad\u0131mlar atmak ve B\u00fcy\u00fckba\u015f Hayvanc\u0131l\u0131\u011f\u0131 konusunda markala\u015fmak, s\u00f6z sahibi olmak ad\u0131na isti\u015fare toplant\u0131s\u0131 d\u00fczenledi. Tar\u0131m &hellip;<\/p>\n","protected":false},"author":3,"featured_media":266,"comment_status":"open","ping_status":"closed","sticky":false,"template":"","format":"standard","meta":{"_bbp_topic_count":0,"_bbp_reply_count":0,"_bbp_total_topic_count":0,"_bbp_total_reply_count":0,"_bbp_voice_count":0,"_bbp_anonymous_reply_count":0,"_bbp_topic_count_hidden":0,"_bbp_reply_count_hidden":0,"_bbp_forum_subforum_count":0,"footnotes":""},"categories":[1],"tags":[],"class_list":["post-265","post","type-post","status-publish","format-standard","has-post-thumbnail","hentry","category-manset"],"amp_enabled":true,"_links":{"self":[{"href":"https:\/\/ajanskale.com\/index.php\/wp-json\/wp\/v2\/posts\/265","targetHints":{"allow":["GET"]}}],"collection":[{"href":"https:\/\/ajanskale.com\/index.php\/wp-json\/wp\/v2\/posts"}],"about":[{"href":"https:\/\/ajanskale.com\/index.php\/wp-json\/wp\/v2\/types\/post"}],"author":[{"embeddable":true,"href":"https:\/\/ajanskale.com\/index.php\/wp-json\/wp\/v2\/users\/3"}],"replies":[{"embeddable":true,"href":"https:\/\/ajanskale.com\/index.php\/wp-json\/wp\/v2\/comments?post=265"}],"version-history":[{"count":1,"href":"https:\/\/ajanskale.com\/index.php\/wp-json\/wp\/v2\/posts\/265\/revisions"}],"predecessor-version":[{"id":267,"href":"https:\/\/ajanskale.com\/index.php\/wp-json\/wp\/v2\/posts\/265\/revisions\/267"}],"wp:featuredmedia":[{"embeddable":true,"href":"https:\/\/ajanskale.com\/index.php\/wp-json\/wp\/v2\/media\/266"}],"wp:attachment":[{"href":"https:\/\/ajanskale.com\/index.php\/wp-json\/wp\/v2\/media?parent=265"}],"wp:term":[{"taxonomy":"category","embeddable":true,"href":"https:\/\/ajanskale.com\/index.php\/wp-json\/wp\/v2\/categories?post=265"},{"taxonomy":"post_tag","embeddable":true,"href":"https:\/\/ajanskale.com\/index.php\/wp-json\/wp\/v2\/tags?post=265"}],"curies":[{"name":"wp","href":"https:\/\/api.w.org\/{rel}","templated":true}]}}