{"id":2636,"date":"2024-11-02T15:45:25","date_gmt":"2024-11-02T15:45:25","guid":{"rendered":"https:\/\/ajanskale.com\/?p=2636"},"modified":"2024-11-02T15:45:25","modified_gmt":"2024-11-02T15:45:25","slug":"ozel-idare","status":"publish","type":"post","link":"https:\/\/ajanskale.com\/index.php\/2024\/11\/02\/ozel-idare\/","title":{"rendered":"O Kurum 90 Personel Al\u0131m\u0131 Yapacak"},"content":{"rendered":"<p>\u0130\u015eKUR, K\u0131r\u0131kkale \u0130l \u00d6zel \u0130daresi&#8217;ne toplamda 90 \u0130UP i\u015f\u00e7i al\u0131m\u0131 yap\u0131laca\u011f\u0131n\u0131 duyurdu.<\/p>\n<p>\u0130\u015eKUR i\u015f arayanlara d\u00fczenli olarak yeni ilanlar yay\u0131mlamaya devam ediyor.<\/p>\n<p><img loading=\"lazy\" decoding=\"async\" src=\"https:\/\/ajanskale.com\/wp-content\/uploads\/2024\/11\/iskur2.jpg\" alt=\"\" width=\"2048\" height=\"1416\" class=\"alignnone size-full wp-image-2638\" srcset=\"https:\/\/ajanskale.com\/wp-content\/uploads\/2024\/11\/iskur2.jpg 2048w, https:\/\/ajanskale.com\/wp-content\/uploads\/2024\/11\/iskur2-300x207.jpg 300w, https:\/\/ajanskale.com\/wp-content\/uploads\/2024\/11\/iskur2-1024x708.jpg 1024w, https:\/\/ajanskale.com\/wp-content\/uploads\/2024\/11\/iskur2-768x531.jpg 768w, https:\/\/ajanskale.com\/wp-content\/uploads\/2024\/11\/iskur2-1536x1062.jpg 1536w\" sizes=\"auto, (max-width: 2048px) 100vw, 2048px\" \/><br \/>\nK\u0131sa bir zaman \u00f6nce \u0130\u015eKUR taraf\u0131ndan yay\u0131mlanan ilanlara K\u0131r\u0131kkale Valili\u011fi&#8217;ne ba\u011fl\u0131 olan \u0130l \u00d6zel \u0130daresi i\u00e7in b\u00fcnyelerindeki eksikli\u011fi kar\u015f\u0131lamak ad\u0131na \u0130UP (\u0130\u015fg\u00fcc\u00fc Uyum Program\u0131) do\u011frultusunda personel al\u0131m\u0131 yap\u0131laca\u011f\u0131 belli oldu.<\/p>\n<p>Ba\u015fvuru \u015fartlar\u0131n\u0131n neler oldu\u011fu, ne zaman ve nereden yap\u0131laca\u011f\u0131 vatanda\u015f taraf\u0131ndan sorgulan\u0131yor.<\/p>\n<p>Ba\u015fvuru \u015fartlar\u0131 hen\u00fcz belli olmam\u0131\u015fken ilk imzalar\u0131n at\u0131ld\u0131\u011f\u0131 foto\u011fraflar yay\u0131nland\u0131.<\/p>\n<p>Konu ile ilgili payla\u015f\u0131m\u0131nda \u015fu ifadelere yer verildi; &#8220;\u0130l M\u00fcd\u00fcrl\u00fc\u011f\u00fcm\u00fcz ile K\u0131r\u0131kkale \u0130l \u00d6zel \u0130daresi aras\u0131nda, 90 ki\u015filik \u0130\u015fg\u00fcc\u00fc Uyum Program\u0131 (\u0130UP) s\u00f6zle\u015fmesi imzaland\u0131\u2026&#8221;<\/p>\n","protected":false},"excerpt":{"rendered":"<p>\u0130\u015eKUR, K\u0131r\u0131kkale \u0130l \u00d6zel \u0130daresi&#8217;ne toplamda 90 \u0130UP i\u015f\u00e7i al\u0131m\u0131 yap\u0131laca\u011f\u0131n\u0131 duyurdu. \u0130\u015eKUR i\u015f arayanlara d\u00fczenli olarak yeni ilanlar yay\u0131mlamaya devam ediyor. K\u0131sa bir zaman \u00f6nce \u0130\u015eKUR taraf\u0131ndan yay\u0131mlanan ilanlara K\u0131r\u0131kkale Valili\u011fi&#8217;ne ba\u011fl\u0131 olan \u0130l \u00d6zel \u0130daresi i\u00e7in b\u00fcnyelerindeki eksikli\u011fi kar\u015f\u0131lamak ad\u0131na \u0130UP (\u0130\u015fg\u00fcc\u00fc Uyum Program\u0131) do\u011frultusunda personel al\u0131m\u0131 yap\u0131laca\u011f\u0131 belli oldu. Ba\u015fvuru \u015fartlar\u0131n\u0131n neler &hellip;<\/p>\n","protected":false},"author":3,"featured_media":2637,"comment_status":"open","ping_status":"closed","sticky":false,"template":"","format":"standard","meta":{"_bbp_topic_count":0,"_bbp_reply_count":0,"_bbp_total_topic_count":0,"_bbp_total_reply_count":0,"_bbp_voice_count":0,"_bbp_anonymous_reply_count":0,"_bbp_topic_count_hidden":0,"_bbp_reply_count_hidden":0,"_bbp_forum_subforum_count":0,"footnotes":""},"categories":[1,2],"tags":[],"class_list":["post-2636","post","type-post","status-publish","format-standard","has-post-thumbnail","hentry","category-manset","category-guncel"],"amp_enabled":true,"_links":{"self":[{"href":"https:\/\/ajanskale.com\/index.php\/wp-json\/wp\/v2\/posts\/2636","targetHints":{"allow":["GET"]}}],"collection":[{"href":"https:\/\/ajanskale.com\/index.php\/wp-json\/wp\/v2\/posts"}],"about":[{"href":"https:\/\/ajanskale.com\/index.php\/wp-json\/wp\/v2\/types\/post"}],"author":[{"embeddable":true,"href":"https:\/\/ajanskale.com\/index.php\/wp-json\/wp\/v2\/users\/3"}],"replies":[{"embeddable":true,"href":"https:\/\/ajanskale.com\/index.php\/wp-json\/wp\/v2\/comments?post=2636"}],"version-history":[{"count":1,"href":"https:\/\/ajanskale.com\/index.php\/wp-json\/wp\/v2\/posts\/2636\/revisions"}],"predecessor-version":[{"id":2639,"href":"https:\/\/ajanskale.com\/index.php\/wp-json\/wp\/v2\/posts\/2636\/revisions\/2639"}],"wp:featuredmedia":[{"embeddable":true,"href":"https:\/\/ajanskale.com\/index.php\/wp-json\/wp\/v2\/media\/2637"}],"wp:attachment":[{"href":"https:\/\/ajanskale.com\/index.php\/wp-json\/wp\/v2\/media?parent=2636"}],"wp:term":[{"taxonomy":"category","embeddable":true,"href":"https:\/\/ajanskale.com\/index.php\/wp-json\/wp\/v2\/categories?post=2636"},{"taxonomy":"post_tag","embeddable":true,"href":"https:\/\/ajanskale.com\/index.php\/wp-json\/wp\/v2\/tags?post=2636"}],"curies":[{"name":"wp","href":"https:\/\/api.w.org\/{rel}","templated":true}]}}