{"id":2525,"date":"2024-10-27T19:52:02","date_gmt":"2024-10-27T19:52:02","guid":{"rendered":"https:\/\/ajanskale.com\/?p=2525"},"modified":"2024-10-27T20:24:52","modified_gmt":"2024-10-27T20:24:52","slug":"cumhuriyet-icin-dinek-dagi-zirvesinde-yuruduler","status":"publish","type":"post","link":"https:\/\/ajanskale.com\/index.php\/2024\/10\/27\/cumhuriyet-icin-dinek-dagi-zirvesinde-yuruduler\/","title":{"rendered":"Cumhuriyet i\u00e7in Dinek Da\u011f\u0131 Zirvesinde Y\u00fcr\u00fcd\u00fcler."},"content":{"rendered":"<p>K\u0131r\u0131kkale&#8217;de Cumhuriyet&#8217;in 101. y\u0131l\u0131 kutlamalar\u0131, 16. Geleneksel Cumhuriyet Bayram\u0131 Y\u00fcr\u00fcy\u00fc\u015f\u00fc ile ba\u015flad\u0131. Valilik koordinasyonunda, Gen\u00e7lik ve Spor \u0130l M\u00fcd\u00fcrl\u00fc\u011f\u00fc taraf\u0131ndan d\u00fczenlenen y\u00fcr\u00fcy\u00fc\u015f etkinli\u011finde \u00e7ok say\u0131da vatanda\u015f, 1744 rak\u0131ml\u0131 Dinek Da\u011f\u0131 zirvesine ula\u015ft\u0131.<\/p>\n<p>G\u00f6kkuyu Yaylas\u0131&#8217;ndan ba\u015flayan y\u00fcr\u00fcy\u00fc\u015fte, Polis Meslek Y\u00fcksekokulu \u00f6\u011frencileri 100 metre uzunlu\u011funda T\u00fcrk bayra\u011f\u0131 ve Atat\u00fcrk posteri a\u00e7arak etkinli\u011fe renk katt\u0131. Dinek Da\u011f\u0131 zirvesinde d\u00fczenlenen t\u00f6rende sayg\u0131 duru\u015funda bulunulup \u0130stiklal Mar\u015f\u0131 okundu. Kur&#8217;an-\u0131 Kerim tilaveti ve dualarla devam t\u00f6rende, kat\u0131l\u0131mc\u0131lar do\u011fan\u0131n tad\u0131n\u0131 \u00e7\u0131kararak Cumhuriyet co\u015fkusunu zirvede ya\u015fad\u0131. Kale Da\u011fc\u0131l\u0131k ve Do\u011fa Sporlar\u0131 Kul\u00fcb\u00fc ile Bozk\u0131r Da\u011fc\u0131l\u0131k Kul\u00fcb\u00fc \u00fcyeleri ise kaya \u00fczerinde halatla ini\u015f yaparak etkinli\u011fi renklendirdi.<\/p>\n","protected":false},"excerpt":{"rendered":"<p>K\u0131r\u0131kkale&#8217;de Cumhuriyet&#8217;in 101. y\u0131l\u0131 kutlamalar\u0131, 16. Geleneksel Cumhuriyet Bayram\u0131 Y\u00fcr\u00fcy\u00fc\u015f\u00fc ile ba\u015flad\u0131. Valilik koordinasyonunda, Gen\u00e7lik ve Spor \u0130l M\u00fcd\u00fcrl\u00fc\u011f\u00fc taraf\u0131ndan d\u00fczenlenen y\u00fcr\u00fcy\u00fc\u015f etkinli\u011finde \u00e7ok say\u0131da vatanda\u015f, 1744 rak\u0131ml\u0131 Dinek Da\u011f\u0131 zirvesine ula\u015ft\u0131. G\u00f6kkuyu Yaylas\u0131&#8217;ndan ba\u015flayan y\u00fcr\u00fcy\u00fc\u015fte, Polis Meslek Y\u00fcksekokulu \u00f6\u011frencileri 100 metre uzunlu\u011funda T\u00fcrk bayra\u011f\u0131 ve Atat\u00fcrk posteri a\u00e7arak etkinli\u011fe renk katt\u0131. Dinek Da\u011f\u0131 zirvesinde &hellip;<\/p>\n","protected":false},"author":3,"featured_media":2535,"comment_status":"open","ping_status":"closed","sticky":false,"template":"","format":"standard","meta":{"_bbp_topic_count":0,"_bbp_reply_count":0,"_bbp_total_topic_count":0,"_bbp_total_reply_count":0,"_bbp_voice_count":0,"_bbp_anonymous_reply_count":0,"_bbp_topic_count_hidden":0,"_bbp_reply_count_hidden":0,"_bbp_forum_subforum_count":0,"footnotes":""},"categories":[1,2],"tags":[],"class_list":["post-2525","post","type-post","status-publish","format-standard","has-post-thumbnail","hentry","category-manset","category-guncel"],"amp_enabled":true,"_links":{"self":[{"href":"https:\/\/ajanskale.com\/index.php\/wp-json\/wp\/v2\/posts\/2525","targetHints":{"allow":["GET"]}}],"collection":[{"href":"https:\/\/ajanskale.com\/index.php\/wp-json\/wp\/v2\/posts"}],"about":[{"href":"https:\/\/ajanskale.com\/index.php\/wp-json\/wp\/v2\/types\/post"}],"author":[{"embeddable":true,"href":"https:\/\/ajanskale.com\/index.php\/wp-json\/wp\/v2\/users\/3"}],"replies":[{"embeddable":true,"href":"https:\/\/ajanskale.com\/index.php\/wp-json\/wp\/v2\/comments?post=2525"}],"version-history":[{"count":1,"href":"https:\/\/ajanskale.com\/index.php\/wp-json\/wp\/v2\/posts\/2525\/revisions"}],"predecessor-version":[{"id":2527,"href":"https:\/\/ajanskale.com\/index.php\/wp-json\/wp\/v2\/posts\/2525\/revisions\/2527"}],"wp:featuredmedia":[{"embeddable":true,"href":"https:\/\/ajanskale.com\/index.php\/wp-json\/wp\/v2\/media\/2535"}],"wp:attachment":[{"href":"https:\/\/ajanskale.com\/index.php\/wp-json\/wp\/v2\/media?parent=2525"}],"wp:term":[{"taxonomy":"category","embeddable":true,"href":"https:\/\/ajanskale.com\/index.php\/wp-json\/wp\/v2\/categories?post=2525"},{"taxonomy":"post_tag","embeddable":true,"href":"https:\/\/ajanskale.com\/index.php\/wp-json\/wp\/v2\/tags?post=2525"}],"curies":[{"name":"wp","href":"https:\/\/api.w.org\/{rel}","templated":true}]}}