{"id":2514,"date":"2024-07-13T18:33:09","date_gmt":"2024-07-13T18:33:09","guid":{"rendered":"https:\/\/ajanskale.com\/?p=2514"},"modified":"2024-07-13T18:33:09","modified_gmt":"2024-07-13T18:33:09","slug":"kirikkale-belediyesince-sosyal-yardim-merkezi-kurulmasi-kararlastirildi","status":"publish","type":"post","link":"https:\/\/ajanskale.com\/index.php\/2024\/07\/13\/kirikkale-belediyesince-sosyal-yardim-merkezi-kurulmasi-kararlastirildi\/","title":{"rendered":"K\u0131r\u0131kkale Belediyesince \u201cSosyal Yard\u0131m Merkezi\u201d Kurulmas\u0131 Kararla\u015ft\u0131r\u0131ld\u0131."},"content":{"rendered":"<div class=\"xdj266r x11i5rnm xat24cr x1mh8g0r x1vvkbs x126k92a\">\n<div dir=\"auto\">K\u0131r\u0131kkale Belediyesince \u201cSosyal Yard\u0131m Merkezi\u201d Kurulmas\u0131 Kararla\u015ft\u0131r\u0131ld\u0131<\/div>\n<div dir=\"auto\">K\u0131r\u0131kkale Belediye Meclisi Temmuz ay\u0131 ola\u011fan ilk toplant\u0131s\u0131nda, \u201csosyal belediyecilik\u201d anlay\u0131\u015f\u0131yla ihtiya\u00e7 sahiplerine daha iyi \u015fartlarda hizmet verilebilmesi amac\u0131yla Sosyal Yard\u0131m Merkezi kurulmas\u0131na karar verildi.<\/div>\n<\/div>\n<div class=\"x11i5rnm xat24cr x1mh8g0r x1vvkbs xtlvy1s x126k92a\">\n<div dir=\"auto\">Ticari Taksilerin Ya\u015f\u0131 Bir Y\u0131l S\u00fcre \u0130le 13\u2019e \u00c7\u0131kar\u0131ld\u0131<\/div>\n<div dir=\"auto\">K\u0131r\u0131kkale Belediyesi Temmuz ay\u0131 ilk meclis toplant\u0131s\u0131n\u0131, Belediyemiz Meclis Salonunda Belediye Ba\u015fkan\u0131m\u0131z Ahmet \u00d6nal ba\u015fkanl\u0131\u011f\u0131nda ger\u00e7ekle\u015ftirildi. Bir \u00f6nceki taplant\u0131ya ait karar \u00f6zetlerinin okunup oylanmas\u0131n\u0131n ard\u0131ndan, komisyonlardan gelen raporlar g\u00f6r\u00fc\u015f\u00fcld\u00fc. Toplant\u0131da K\u0131r\u0131kkale\u2019de hizmet veren ticari taksilerin ya\u015f s\u0131n\u0131r\u0131, s\u0131f\u0131r ara\u00e7 ve ikinci el ara\u00e7lar ile akaryak\u0131t fiyatlar\u0131nda ki art\u0131\u015f dikkate al\u0131narak bir y\u0131l s\u00fcre ile 13\u2019e \u00e7\u0131kar\u0131ld\u0131.<\/div>\n<\/div>\n<div class=\"x11i5rnm xat24cr x1mh8g0r x1vvkbs xtlvy1s x126k92a\">\n<div dir=\"auto\">\u0130nsanlar\u0131m\u0131z\u0131 Rencide Etmeden Ula\u015faca\u011f\u0131z<\/div>\n<div dir=\"auto\">\u0130mar Tadilatlar\u0131n\u0131n g\u00f6r\u00fc\u015f\u00fcld\u00fc\u011f\u00fc toplant\u0131da K\u0131r\u0131kkale Belediyesi K\u00fclt\u00fcr ve Sosyal \u0130\u015fler M\u00fcd\u00fcrl\u00fc\u011f\u00fc alt\u0131nda \u201cSosyal Yard\u0131m Merkezi\u201d kurulmas\u0131na karar verildi. Sosyal yard\u0131mla\u015fma ve dayan\u0131\u015fmay\u0131 sa\u011flayarak ihtiya\u00e7 sahibi ailelere ula\u015fmay\u0131 hedeflediklerini belirten K\u0131r\u0131kkale Belediye Ba\u015fkan\u0131m\u0131z Ahmet \u00d6nal, yard\u0131ma muhta\u00e7 yurtta\u015flar\u0131m\u0131z\u0131 rencide etmeden g\u0131da, giyim ve her t\u00fcrl\u00fc ihtiya\u00e7 duyduklar\u0131 ya\u015famsal ihtiya\u00e7lar\u0131n\u0131 kar\u015f\u0131lamay\u0131 hedeflediklerini vurgulad\u0131. Ba\u015fkan \u00d6nal \u201c\u0130nsan\u0131 ve ahlaki de\u011ferlerin de\u011fi\u015fmesi, birlik ve beraberli\u011fin sa\u011flanmas\u0131, yard\u0131m eden say\u0131s\u0131n\u0131n \u00e7o\u011falt\u0131lmas\u0131, \u00e7a\u011fda\u015f ve yenilik\u00e7i anlay\u0131\u015fa uyum sa\u011flama ad\u0131na K\u00fclt\u00fcr ve Sosyal \u0130\u015fler M\u00fcd\u00fcrl\u00fc\u011f\u00fcm\u00fcz alt\u0131nda \u201cSosyal Yard\u0131m Merkezi\u201d kurulmas\u0131 sa\u011fl\u0131yoruz\u201ddedi.<\/div>\n<\/div>\n","protected":false},"excerpt":{"rendered":"<p>K\u0131r\u0131kkale Belediyesince \u201cSosyal Yard\u0131m Merkezi\u201d Kurulmas\u0131 Kararla\u015ft\u0131r\u0131ld\u0131 K\u0131r\u0131kkale Belediye Meclisi Temmuz ay\u0131 ola\u011fan ilk toplant\u0131s\u0131nda, \u201csosyal belediyecilik\u201d anlay\u0131\u015f\u0131yla ihtiya\u00e7 sahiplerine daha iyi \u015fartlarda hizmet verilebilmesi amac\u0131yla Sosyal Yard\u0131m Merkezi kurulmas\u0131na karar verildi. Ticari Taksilerin Ya\u015f\u0131 Bir Y\u0131l S\u00fcre \u0130le 13\u2019e \u00c7\u0131kar\u0131ld\u0131 K\u0131r\u0131kkale Belediyesi Temmuz ay\u0131 ilk meclis toplant\u0131s\u0131n\u0131, Belediyemiz Meclis Salonunda Belediye Ba\u015fkan\u0131m\u0131z Ahmet \u00d6nal &hellip;<\/p>\n","protected":false},"author":3,"featured_media":2515,"comment_status":"open","ping_status":"closed","sticky":false,"template":"","format":"standard","meta":{"_bbp_topic_count":0,"_bbp_reply_count":0,"_bbp_total_topic_count":0,"_bbp_total_reply_count":0,"_bbp_voice_count":0,"_bbp_anonymous_reply_count":0,"_bbp_topic_count_hidden":0,"_bbp_reply_count_hidden":0,"_bbp_forum_subforum_count":0,"footnotes":""},"categories":[1,4],"tags":[],"class_list":["post-2514","post","type-post","status-publish","format-standard","has-post-thumbnail","hentry","category-manset","category-yerel"],"amp_enabled":true,"_links":{"self":[{"href":"https:\/\/ajanskale.com\/index.php\/wp-json\/wp\/v2\/posts\/2514","targetHints":{"allow":["GET"]}}],"collection":[{"href":"https:\/\/ajanskale.com\/index.php\/wp-json\/wp\/v2\/posts"}],"about":[{"href":"https:\/\/ajanskale.com\/index.php\/wp-json\/wp\/v2\/types\/post"}],"author":[{"embeddable":true,"href":"https:\/\/ajanskale.com\/index.php\/wp-json\/wp\/v2\/users\/3"}],"replies":[{"embeddable":true,"href":"https:\/\/ajanskale.com\/index.php\/wp-json\/wp\/v2\/comments?post=2514"}],"version-history":[{"count":1,"href":"https:\/\/ajanskale.com\/index.php\/wp-json\/wp\/v2\/posts\/2514\/revisions"}],"predecessor-version":[{"id":2516,"href":"https:\/\/ajanskale.com\/index.php\/wp-json\/wp\/v2\/posts\/2514\/revisions\/2516"}],"wp:featuredmedia":[{"embeddable":true,"href":"https:\/\/ajanskale.com\/index.php\/wp-json\/wp\/v2\/media\/2515"}],"wp:attachment":[{"href":"https:\/\/ajanskale.com\/index.php\/wp-json\/wp\/v2\/media?parent=2514"}],"wp:term":[{"taxonomy":"category","embeddable":true,"href":"https:\/\/ajanskale.com\/index.php\/wp-json\/wp\/v2\/categories?post=2514"},{"taxonomy":"post_tag","embeddable":true,"href":"https:\/\/ajanskale.com\/index.php\/wp-json\/wp\/v2\/tags?post=2514"}],"curies":[{"name":"wp","href":"https:\/\/api.w.org\/{rel}","templated":true}]}}