{"id":2488,"date":"2024-03-10T13:07:18","date_gmt":"2024-03-10T13:07:18","guid":{"rendered":"https:\/\/ajanskale.com\/?p=2488"},"modified":"2024-03-10T13:07:18","modified_gmt":"2024-03-10T13:07:18","slug":"kaplan-aciklama-yapti","status":"publish","type":"post","link":"https:\/\/ajanskale.com\/index.php\/2024\/03\/10\/kaplan-aciklama-yapti\/","title":{"rendered":"Kaplan A\u00e7\u0131klama Yapt\u0131."},"content":{"rendered":"<p>Konu ile ilgili sosyal medya hesab\u0131ndan a\u00e7\u0131klama yapan Kaplan \u015fu ifadelere yer verdi;<\/p>\n<p>\u00c7ok k\u0131ymetli hem\u015fehrilerim, her se\u00e7im d\u00f6neminde oldu\u011fu gibi yine bu d\u00f6nemde de \u00e7irkin alg\u0131 operasyonlar\u0131 ve yalan haberlerle kar\u015f\u0131 kar\u015f\u0131ya kalmam\u0131z hasebiyle bu a\u00e7\u0131klamay\u0131 yaparak kamuoyunu ayd\u0131nlatma gere\u011fi has\u0131l olmu\u015ftur.<\/p>\n<p>\u0130l\u0131m\u0131ze yap\u0131lacak tarihi nitelikte devasa bir yat\u0131r\u0131m olan, adeta K\u0131r\u0131kkale\u2019de ki istihdam sorununu ortadan kald\u0131racak K\u0131r\u0131kkale Roketsan Projesini tek v\u00fccut K\u0131r\u0131kkale olarak sahiplenmemiz gerekirken, s\u0131rf Belediye Ba\u015fkan\u0131m\u0131z Mehmet Sayg\u0131l\u0131\u2019n\u0131n yo\u011fun emek ve \u00e7abalar\u0131 ile ilimize kazand\u0131r\u0131lmas\u0131 sa\u011fland\u0131\u011f\u0131 i\u00e7in baz\u0131 kesimler b\u0131rak\u0131n sahiplenmeyi oy kayg\u0131s\u0131yla, siyasi arg\u00fcman olarak g\u00f6rd\u00fckleri i\u00e7in k\u00f6t\u00fcleyip niteliksizle\u015ftirmeye \u00e7al\u0131\u015f\u0131yorlar.<\/p>\n<p>Bizler bunu se\u00e7imde kullanal\u0131m diye de\u011fil yanl\u0131zca K\u0131r\u0131kkale i\u00e7in sadece K\u0131r\u0131kkale\u2019nin gen\u00e7leri i\u00e7in bu projenin K\u0131r\u0131kkale\u2019ye kazand\u0131r\u0131lmas\u0131 i\u00e7in \u00e7ok \u00e7aba sarfettik.Ancak \u015funu bilmenizi isterim ki bug\u00fcn bu i\u015fi niteliksizle\u015ftirmeye \u00e7al\u0131\u015f\u0131p komik istihdam rakamlar\u0131yla \u00e7amur atanlar, bizler Roketsan i\u00e7in 26 bin d\u00f6numl\u00fck arazinin tahsisi i\u00e7\u0131n gece g\u00fcnd\u00fcz u\u011fra\u015f\u0131p arsa sahipleriyle tek tek g\u00f6r\u00fc\u015f\u00fcrken, genel ba\u015fkanlar\u0131 ile ayn\u0131 zihniyete sahip ki\u015filer, arsa sahiplerini her zamanki gibi yalanlarla kand\u0131r\u0131p, arsalar\u0131n\u0131 Roketsana vermemeleri i\u00e7in ikna edip s\u00fcrecin 8 ay kadar daha uzamas\u0131na sebep olmu\u015flard\u0131r.<\/p>\n<p>K\u0131ymetli hem\u015fehrilerim biz AK Parti H\u00fck\u00fcmeti olarak bu zamana kadar s\u00f6z verdi\u011fimiz her hizmeti yapt\u0131k.<\/p>\n<p>Bug\u00fcn de, konunun hi\u00e7bir yerinde ne ilgisi ne de bilgisi olmayan ki\u015filerin de\u011fil, bu yat\u0131r\u0131m\u0131n ba\u015f\u0131ndaki bakan\u0131n,genel m\u00fcd\u00fcr\u00fcn,ba\u015f\u0131ndan sonuna her noktas\u0131yla ayr\u0131 ilgilenen al\u0131mlar\u0131nda K\u0131r\u0131kkale ikamet \u015fart\u0131 olmas\u0131 i\u00e7in y\u00fcksek \u00e7aba g\u00f6steren Belediye Ba\u015fkan\u0131 Mehmet Sayg\u0131l\u0131\u2019n\u0131n, velhas\u0131l konuyla ilgili bilgisi olan ki\u015filerin s\u00f6zlerine itibar etmenizi rica ediyorum.<\/p>\n<p>Aziz hem\u015fehrilerim b\u00fct\u00fcn bu kendi i\u00e7imizdeki alg\u0131 operasyonlar\u0131na yalan ve iftiralara engelleme \u00e7abalar\u0131na ra\u011fmen bizlerin ve Belediye Ba\u015fkan\u0131m\u0131z Mehmet Sayg\u0131l\u0131\u2019n\u0131n \u00fcst\u00fcn \u00e7abas\u0131 ve h\u00fck\u00fcmetimizin g\u00fc\u00e7l\u00fc deste\u011fi ile 26 Bin d\u00f6n\u00fcm \u00fczerine kurulu, sadece kendi b\u00fcnyesinde 5 bin K\u0131r\u0131kkaleli gencimize istihdam sa\u011flayacak bu devasa yat\u0131r\u0131m\u0131 \u015fehrimize kazand\u0131rd\u0131k.<\/p>\n<p>Rabbim nasip ederse ba\u015fvuru sahibi gen\u00e7lerimiz 1 ay i\u00e7erisinde s\u0131nava \u00e7a\u011f\u0131ralacak ve akabinde yap\u0131lacak m\u00fclakatlar ile i\u015fe al\u0131m sureci de ba\u015flam\u0131\u015f olacak.<\/p>\n<p>Tekraren bu yat\u0131r\u0131m\u0131n \u015fehrimize kazand\u0131r\u0131lmas\u0131 hasebiyle, \u00fclkemiz ad\u0131na Savunma Sanayisine verdi\u011fi destek i\u00e7in Cumhurba\u015fkan\u0131m\u0131z Recep Tayyip Erdo\u011fan\u2019a \u015f\u00fckranlar\u0131m\u0131 sunuyor, K\u0131r\u0131kkale\u2019miz ad\u0131na gece g\u00fcnd\u00fcz \u00e7al\u0131\u015f\u0131p didinip Ankara-K\u0131r\u0131kkale aras\u0131 mekik dokuyup Roketsan\u2019\u0131 K\u0131r\u0131kkale ile bulu\u015fturan Belediye Ba\u015fkan\u0131m\u0131z Mehmet Sayg\u0131l\u0131\u2019ya te\u015fekk\u00fcr ediyorum.<\/p>\n<p>Laf, s\u00f6z, c\u0131z\u0131rt\u0131, \u00e7ok bu ara. Yol gidenin, k\u0131l\u0131\u00e7 ku\u015fanan\u0131n. \u00c7enesi de\u011fil bile\u011fi yorulanlara, Demirta\u015fa de\u011fil, laf de\u011fil icraat \u00fcretenlere selam olsun\u2026<\/p>\n<p>Kamuoyuna Sayg\u0131lar\u0131mla\u2026<\/p>\n","protected":false},"excerpt":{"rendered":"<p>Konu ile ilgili sosyal medya hesab\u0131ndan a\u00e7\u0131klama yapan Kaplan \u015fu ifadelere yer verdi; \u00c7ok k\u0131ymetli hem\u015fehrilerim, her se\u00e7im d\u00f6neminde oldu\u011fu gibi yine bu d\u00f6nemde de \u00e7irkin alg\u0131 operasyonlar\u0131 ve yalan haberlerle kar\u015f\u0131 kar\u015f\u0131ya kalmam\u0131z hasebiyle bu a\u00e7\u0131klamay\u0131 yaparak kamuoyunu ayd\u0131nlatma gere\u011fi has\u0131l olmu\u015ftur. \u0130l\u0131m\u0131ze yap\u0131lacak tarihi nitelikte devasa bir yat\u0131r\u0131m olan, adeta K\u0131r\u0131kkale\u2019de ki istihdam &hellip;<\/p>\n","protected":false},"author":3,"featured_media":2489,"comment_status":"open","ping_status":"closed","sticky":false,"template":"","format":"standard","meta":{"_bbp_topic_count":0,"_bbp_reply_count":0,"_bbp_total_topic_count":0,"_bbp_total_reply_count":0,"_bbp_voice_count":0,"_bbp_anonymous_reply_count":0,"_bbp_topic_count_hidden":0,"_bbp_reply_count_hidden":0,"_bbp_forum_subforum_count":0,"footnotes":""},"categories":[1,60],"tags":[],"class_list":["post-2488","post","type-post","status-publish","format-standard","has-post-thumbnail","hentry","category-manset","category-politika"],"amp_enabled":true,"_links":{"self":[{"href":"https:\/\/ajanskale.com\/index.php\/wp-json\/wp\/v2\/posts\/2488","targetHints":{"allow":["GET"]}}],"collection":[{"href":"https:\/\/ajanskale.com\/index.php\/wp-json\/wp\/v2\/posts"}],"about":[{"href":"https:\/\/ajanskale.com\/index.php\/wp-json\/wp\/v2\/types\/post"}],"author":[{"embeddable":true,"href":"https:\/\/ajanskale.com\/index.php\/wp-json\/wp\/v2\/users\/3"}],"replies":[{"embeddable":true,"href":"https:\/\/ajanskale.com\/index.php\/wp-json\/wp\/v2\/comments?post=2488"}],"version-history":[{"count":1,"href":"https:\/\/ajanskale.com\/index.php\/wp-json\/wp\/v2\/posts\/2488\/revisions"}],"predecessor-version":[{"id":2490,"href":"https:\/\/ajanskale.com\/index.php\/wp-json\/wp\/v2\/posts\/2488\/revisions\/2490"}],"wp:featuredmedia":[{"embeddable":true,"href":"https:\/\/ajanskale.com\/index.php\/wp-json\/wp\/v2\/media\/2489"}],"wp:attachment":[{"href":"https:\/\/ajanskale.com\/index.php\/wp-json\/wp\/v2\/media?parent=2488"}],"wp:term":[{"taxonomy":"category","embeddable":true,"href":"https:\/\/ajanskale.com\/index.php\/wp-json\/wp\/v2\/categories?post=2488"},{"taxonomy":"post_tag","embeddable":true,"href":"https:\/\/ajanskale.com\/index.php\/wp-json\/wp\/v2\/tags?post=2488"}],"curies":[{"name":"wp","href":"https:\/\/api.w.org\/{rel}","templated":true}]}}