{"id":2428,"date":"2024-02-27T17:51:13","date_gmt":"2024-02-27T17:51:13","guid":{"rendered":"https:\/\/ajanskale.com\/?p=2428"},"modified":"2024-02-27T17:51:35","modified_gmt":"2024-02-27T17:51:35","slug":"kesintisiz-trafik-akisi-saglanacak","status":"publish","type":"post","link":"https:\/\/ajanskale.com\/index.php\/2024\/02\/27\/kesintisiz-trafik-akisi-saglanacak\/","title":{"rendered":"Kesintisiz Trafik Ak\u0131\u015f\u0131 Sa\u011flanacak"},"content":{"rendered":"<p>Harun Ulusoy&#8217;dan K\u0131r\u0131kkale&#8217;ye Kav\u015fak Projeleri<\/p>\r\n\r\n<h2 class=\"wp-block-heading\">Se\u00e7im yakla\u015fmaya devam ederken \u00e7al\u0131\u015fmalar\u0131na devam eden MHP K\u0131r\u0131kkale belediye ba\u015fkan aday\u0131 Harun Ulusoy, se\u00e7im projelerinin tan\u0131t\u0131m\u0131na devam ediyor.<\/h2>\r\n\r\n\r\n\r\n<p><strong>NOKTA MEVK\u0130\u0130 KAV\u015eAK PROJELER\u0130<\/strong><\/p>\r\n\r\n\r\n\r\n<p>Bir\u00e7ok projeyle halk\u0131n kar\u015f\u0131s\u0131na \u00e7\u0131kan Ulusoy, &#8220;Sanayi kav\u015fa\u011f\u0131 ile terminal kav\u015fa\u011f\u0131 aras\u0131nda bulunan \u0131\u015f\u0131kl\u0131 ve \u0131\u015f\u0131ks\u0131z kav\u015faklar\u0131n d\u00fczenlemesi yap\u0131larak Alparslan T\u00fcrke\u015f Bulvar\u0131 \u00fczerinde toplam 4 km uzunlu\u011funda karayolunda kesintisiz trafik ak\u0131\u015f\u0131 hedefliyoruz.&#8221; Dedi.<\/p>\r\n\r\n\r\n\r\n<p><img loading=\"lazy\" decoding=\"async\" class=\"wp-image-2429 alignright\" src=\"https:\/\/ajanskale.com\/wp-content\/uploads\/2024\/02\/harun-ulusoy-kirikkale-kavsak-projeleri-5.jpeg\" alt=\"\" width=\"569\" height=\"320\" srcset=\"https:\/\/ajanskale.com\/wp-content\/uploads\/2024\/02\/harun-ulusoy-kirikkale-kavsak-projeleri-5.jpeg 2560w, https:\/\/ajanskale.com\/wp-content\/uploads\/2024\/02\/harun-ulusoy-kirikkale-kavsak-projeleri-5-300x169.jpeg 300w, https:\/\/ajanskale.com\/wp-content\/uploads\/2024\/02\/harun-ulusoy-kirikkale-kavsak-projeleri-5-1024x576.jpeg 1024w, https:\/\/ajanskale.com\/wp-content\/uploads\/2024\/02\/harun-ulusoy-kirikkale-kavsak-projeleri-5-768x432.jpeg 768w, https:\/\/ajanskale.com\/wp-content\/uploads\/2024\/02\/harun-ulusoy-kirikkale-kavsak-projeleri-5-1536x864.jpeg 1536w, https:\/\/ajanskale.com\/wp-content\/uploads\/2024\/02\/harun-ulusoy-kirikkale-kavsak-projeleri-5-2048x1152.jpeg 2048w, https:\/\/ajanskale.com\/wp-content\/uploads\/2024\/02\/harun-ulusoy-kirikkale-kavsak-projeleri-5-390x220.jpeg 390w\" sizes=\"auto, (max-width: 569px) 100vw, 569px\" \/>Konu\u015fmas\u0131na devam eden Ulusoy, proje dahilinde Aybima\u015f AVM \u00f6n\u00fcnde bulunan kav\u015fak ve H\u00fcrriyet Caddesi (Nokta) kav\u015faklar\u0131na batt\u0131 \u00e7\u0131kt\u0131 tipi alt ge\u00e7itler yap\u0131laca\u011f\u0131ndan ve k\u00f6pr\u00fcl\u00fc kav\u015faklar\u0131n iki\u015fer \u015ferit gidi\u015f-geli\u015f ve yan yollar olacak \u015fekilde tasarlanaca\u011f\u0131ndan s\u00f6z etti.<\/p>\r\n\r\n\r\n\r\n<p><strong>M\u0130LLET BULVARI VE ATAT\u00dcRK BULVARI KAV\u015eAK PROJELER\u0130<\/strong><\/p>\r\n\r\n\r\n\r\n<p>Millet Bulvar\u0131 \u00fczerinde bulunan istasyon kav\u015fa\u011f\u0131na batt\u0131 \u00e7\u0131kt\u0131 modeli k\u00f6pr\u00fcl\u00fc kav\u015fak yap\u0131larak Emniyet M\u00fcd\u00fcrl\u00fc\u011f\u00fc \u00f6n\u00fcnde bulunan kav\u015fa\u011f\u0131n kapat\u0131lmas\u0131yla trafik ak\u0131\u015f\u0131n\u0131n daha h\u0131zl\u0131 ve g\u00fcvenli \u015fekilde sa\u011flanmas\u0131 ama\u00e7lad\u0131klar\u0131n\u0131 belirten Ulusoy, Atat\u00fcrk Bulvar\u0131 \u00fczerinde bulunan \u0130mam Hatip Ortaokulu yan\u0131ndaki kav\u015fakta da gerekli \u00e7al\u0131\u015fmalar yap\u0131larak kesintisiz trafik ak\u0131\u015f\u0131 sa\u011flanmas\u0131 i\u00e7in elinden geleni yapacaklar\u0131n\u0131 belirtti.<img loading=\"lazy\" decoding=\"async\" class=\"alignnone  wp-image-2430\" src=\"https:\/\/ajanskale.com\/wp-content\/uploads\/2024\/02\/harun-ulusoy-kirikkale-kavsak-projeleri-4.jpeg\" alt=\"\" width=\"546\" height=\"307\" srcset=\"https:\/\/ajanskale.com\/wp-content\/uploads\/2024\/02\/harun-ulusoy-kirikkale-kavsak-projeleri-4.jpeg 2560w, https:\/\/ajanskale.com\/wp-content\/uploads\/2024\/02\/harun-ulusoy-kirikkale-kavsak-projeleri-4-300x169.jpeg 300w, https:\/\/ajanskale.com\/wp-content\/uploads\/2024\/02\/harun-ulusoy-kirikkale-kavsak-projeleri-4-1024x576.jpeg 1024w, https:\/\/ajanskale.com\/wp-content\/uploads\/2024\/02\/harun-ulusoy-kirikkale-kavsak-projeleri-4-768x432.jpeg 768w, https:\/\/ajanskale.com\/wp-content\/uploads\/2024\/02\/harun-ulusoy-kirikkale-kavsak-projeleri-4-1536x864.jpeg 1536w, https:\/\/ajanskale.com\/wp-content\/uploads\/2024\/02\/harun-ulusoy-kirikkale-kavsak-projeleri-4-2048x1152.jpeg 2048w, https:\/\/ajanskale.com\/wp-content\/uploads\/2024\/02\/harun-ulusoy-kirikkale-kavsak-projeleri-4-390x220.jpeg 390w\" sizes=\"auto, (max-width: 546px) 100vw, 546px\" \/><\/p>","protected":false},"excerpt":{"rendered":"<p>K\u0131r\u0131kkale se\u00e7im sonu\u00e7lar\u0131<\/p>\n","protected":false},"author":3,"featured_media":2431,"comment_status":"open","ping_status":"closed","sticky":false,"template":"","format":"standard","meta":{"_bbp_topic_count":0,"_bbp_reply_count":0,"_bbp_total_topic_count":0,"_bbp_total_reply_count":0,"_bbp_voice_count":0,"_bbp_anonymous_reply_count":0,"_bbp_topic_count_hidden":0,"_bbp_reply_count_hidden":0,"_bbp_forum_subforum_count":0,"footnotes":""},"categories":[1,60],"tags":[],"class_list":["post-2428","post","type-post","status-publish","format-standard","has-post-thumbnail","hentry","category-manset","category-politika"],"amp_enabled":true,"_links":{"self":[{"href":"https:\/\/ajanskale.com\/index.php\/wp-json\/wp\/v2\/posts\/2428","targetHints":{"allow":["GET"]}}],"collection":[{"href":"https:\/\/ajanskale.com\/index.php\/wp-json\/wp\/v2\/posts"}],"about":[{"href":"https:\/\/ajanskale.com\/index.php\/wp-json\/wp\/v2\/types\/post"}],"author":[{"embeddable":true,"href":"https:\/\/ajanskale.com\/index.php\/wp-json\/wp\/v2\/users\/3"}],"replies":[{"embeddable":true,"href":"https:\/\/ajanskale.com\/index.php\/wp-json\/wp\/v2\/comments?post=2428"}],"version-history":[{"count":2,"href":"https:\/\/ajanskale.com\/index.php\/wp-json\/wp\/v2\/posts\/2428\/revisions"}],"predecessor-version":[{"id":2433,"href":"https:\/\/ajanskale.com\/index.php\/wp-json\/wp\/v2\/posts\/2428\/revisions\/2433"}],"wp:featuredmedia":[{"embeddable":true,"href":"https:\/\/ajanskale.com\/index.php\/wp-json\/wp\/v2\/media\/2431"}],"wp:attachment":[{"href":"https:\/\/ajanskale.com\/index.php\/wp-json\/wp\/v2\/media?parent=2428"}],"wp:term":[{"taxonomy":"category","embeddable":true,"href":"https:\/\/ajanskale.com\/index.php\/wp-json\/wp\/v2\/categories?post=2428"},{"taxonomy":"post_tag","embeddable":true,"href":"https:\/\/ajanskale.com\/index.php\/wp-json\/wp\/v2\/tags?post=2428"}],"curies":[{"name":"wp","href":"https:\/\/api.w.org\/{rel}","templated":true}]}}