{"id":2394,"date":"2024-02-22T13:59:06","date_gmt":"2024-02-22T13:59:06","guid":{"rendered":"https:\/\/ajanskale.com\/?p=2394"},"modified":"2024-02-22T13:59:06","modified_gmt":"2024-02-22T13:59:06","slug":"mustafa-kaplan-araliksiz-calisiyor","status":"publish","type":"post","link":"https:\/\/ajanskale.com\/index.php\/2024\/02\/22\/mustafa-kaplan-araliksiz-calisiyor\/","title":{"rendered":"Mustafa Kaplan, Aral\u0131ks\u0131z \u00c7al\u0131\u015f\u0131yor."},"content":{"rendered":"<p>Kaplan, vatanda\u015flar\u0131n sorun ve taleplerini dinleyerek \u00e7\u00f6z\u00fcmler \u00fcretiyor.<\/p>\n<p>TBMM\u2019de \u00e7al\u0131\u015fmalar\u0131ndan kalan zamanlarda K\u0131r\u0131kkale\u2019de vatanda\u015flar\u0131n sorunlar\u0131 ile yak\u0131ndan ilgilenen Mustafa Kaplan, bug\u00fcn yapt\u0131\u011f\u0131 ziyaretlerde esnaf ve vatanda\u015flarla bir araya geldi.<\/p>\n<p><img loading=\"lazy\" decoding=\"async\" class=\"wp-image-2396 alignleft\" src=\"https:\/\/ajanskale.com\/wp-content\/uploads\/2024\/02\/mustafa-kaplan-kirikkale-esnaf-vatandas-ziyaret-2.jpg\" alt=\"\" width=\"372\" height=\"279\" srcset=\"https:\/\/ajanskale.com\/wp-content\/uploads\/2024\/02\/mustafa-kaplan-kirikkale-esnaf-vatandas-ziyaret-2.jpg 600w, https:\/\/ajanskale.com\/wp-content\/uploads\/2024\/02\/mustafa-kaplan-kirikkale-esnaf-vatandas-ziyaret-2-300x225.jpg 300w\" sizes=\"auto, (max-width: 372px) 100vw, 372px\" \/>Yapt\u0131\u011f\u0131 ziyaret ile ilgili sosyal medya hesab\u0131ndan yapt\u0131\u011f\u0131 a\u00e7\u0131klamada Kaplan \u015f\u00f6yle dedi;<\/p>\n<p>Esnaf\u0131m\u0131z\u0131 ziyaret ederek, k\u0131ymetli vatanda\u015flar\u0131m\u0131zla bir araya geldik.<\/p>\n<p>Onlar\u0131n sesini dinlemek, sorun ve \u00f6nerilerini birinci a\u011f\u0131zdan almak bizim i\u00e7in b\u00fcy\u00fck bir kazan\u00e7. Bu ziyaretler vesilesiyle, birlik ve beraberlik i\u00e7inde, K\u0131r\u0131kkale\u2019mizin daha g\u00fczel yar\u0131nlara yelken a\u00e7aca\u011f\u0131na inanc\u0131m\u0131z bir kez daha peki\u015fti.<\/p>\n<p>Her zaman esnaf\u0131m\u0131z\u0131n ve vatanda\u015flar\u0131m\u0131z\u0131n yan\u0131nda olmaya devam edece\u011fiz, dedi.<\/p>\n","protected":false},"excerpt":{"rendered":"<p>Kaplan, vatanda\u015flar\u0131n sorun ve taleplerini dinleyerek \u00e7\u00f6z\u00fcmler \u00fcretiyor. TBMM\u2019de \u00e7al\u0131\u015fmalar\u0131ndan kalan zamanlarda K\u0131r\u0131kkale\u2019de vatanda\u015flar\u0131n sorunlar\u0131 ile yak\u0131ndan ilgilenen Mustafa Kaplan, bug\u00fcn yapt\u0131\u011f\u0131 ziyaretlerde esnaf ve vatanda\u015flarla bir araya geldi. Yapt\u0131\u011f\u0131 ziyaret ile ilgili sosyal medya hesab\u0131ndan yapt\u0131\u011f\u0131 a\u00e7\u0131klamada Kaplan \u015f\u00f6yle dedi; Esnaf\u0131m\u0131z\u0131 ziyaret ederek, k\u0131ymetli vatanda\u015flar\u0131m\u0131zla bir araya geldik. Onlar\u0131n sesini dinlemek, sorun ve \u00f6nerilerini &hellip;<\/p>\n","protected":false},"author":3,"featured_media":2395,"comment_status":"open","ping_status":"closed","sticky":false,"template":"","format":"standard","meta":{"_bbp_topic_count":0,"_bbp_reply_count":0,"_bbp_total_topic_count":0,"_bbp_total_reply_count":0,"_bbp_voice_count":0,"_bbp_anonymous_reply_count":0,"_bbp_topic_count_hidden":0,"_bbp_reply_count_hidden":0,"_bbp_forum_subforum_count":0,"footnotes":""},"categories":[1,60],"tags":[],"class_list":["post-2394","post","type-post","status-publish","format-standard","has-post-thumbnail","hentry","category-manset","category-politika"],"amp_enabled":true,"_links":{"self":[{"href":"https:\/\/ajanskale.com\/index.php\/wp-json\/wp\/v2\/posts\/2394","targetHints":{"allow":["GET"]}}],"collection":[{"href":"https:\/\/ajanskale.com\/index.php\/wp-json\/wp\/v2\/posts"}],"about":[{"href":"https:\/\/ajanskale.com\/index.php\/wp-json\/wp\/v2\/types\/post"}],"author":[{"embeddable":true,"href":"https:\/\/ajanskale.com\/index.php\/wp-json\/wp\/v2\/users\/3"}],"replies":[{"embeddable":true,"href":"https:\/\/ajanskale.com\/index.php\/wp-json\/wp\/v2\/comments?post=2394"}],"version-history":[{"count":1,"href":"https:\/\/ajanskale.com\/index.php\/wp-json\/wp\/v2\/posts\/2394\/revisions"}],"predecessor-version":[{"id":2397,"href":"https:\/\/ajanskale.com\/index.php\/wp-json\/wp\/v2\/posts\/2394\/revisions\/2397"}],"wp:featuredmedia":[{"embeddable":true,"href":"https:\/\/ajanskale.com\/index.php\/wp-json\/wp\/v2\/media\/2395"}],"wp:attachment":[{"href":"https:\/\/ajanskale.com\/index.php\/wp-json\/wp\/v2\/media?parent=2394"}],"wp:term":[{"taxonomy":"category","embeddable":true,"href":"https:\/\/ajanskale.com\/index.php\/wp-json\/wp\/v2\/categories?post=2394"},{"taxonomy":"post_tag","embeddable":true,"href":"https:\/\/ajanskale.com\/index.php\/wp-json\/wp\/v2\/tags?post=2394"}],"curies":[{"name":"wp","href":"https:\/\/api.w.org\/{rel}","templated":true}]}}