{"id":2221,"date":"2023-08-29T19:34:52","date_gmt":"2023-08-29T19:34:52","guid":{"rendered":"https:\/\/ajanskale.com\/?p=2221"},"modified":"2023-08-29T19:38:48","modified_gmt":"2023-08-29T19:38:48","slug":"halil-ozturk-kirikkalemizin-her-sorununun-cozumu-icin-tum-calismalari-yapiyoruz","status":"publish","type":"post","link":"https:\/\/ajanskale.com\/index.php\/2023\/08\/29\/halil-ozturk-kirikkalemizin-her-sorununun-cozumu-icin-tum-calismalari-yapiyoruz\/","title":{"rendered":"Halil \u00d6zt\u00fcrk; \u00dcst Ge\u00e7it i\u00e7in Et\u00fctler  Ba\u015flad\u0131."},"content":{"rendered":"<p>25.08.2023 tarihinde K\u0131r\u0131kkale-K\u0131r\u015fehir karayolu \u00fczerinde Keskin mevkisinde maalesef bir karde\u015fimizin hayat\u0131n\u0131 kaybetti\u011fi elim bir trafik kazas\u0131 ya\u015fanm\u0131\u015ft\u0131r. Karde\u015fimizin ailesine ve yak\u0131nlar\u0131na ba\u015f sa\u011fl\u0131\u011f\u0131 diliyorum. Allah rahmet eylesin, mek\u00e2n\u0131 Cennet olsun.<\/p>\n<p>Kaza \u00fczerine 28.08.2023 tarihinde b\u00f6lge sakinlerinin talepleriyle ilgili bir a\u00e7\u0131klamalar\u0131 ve giri\u015fimleri olmu\u015ftur. Daha \u00f6ncede kazalar\u0131n ya\u015fand\u0131\u011f\u0131 bu b\u00f6lgede 29.08.2023 tarihi itibariyle m\u00fclk\u00ee amirler ve Karayollar\u0131 yetkilileri taraf\u0131ndan gerekli incelemeler yap\u0131lm\u0131\u015f olup talepler dinlenmi\u015ftir.<\/p>\n<p>B\u00f6lgeye yaya \u00fcst ge\u00e7iti, orta ref\u00fcje ferforje \u00e7it ve yol kenar\u0131na oto korkuluk yap\u0131lmas\u0131 i\u00e7in gerekli et\u00fcdler ve \u00e7al\u0131\u015fmalar ba\u015flam\u0131\u015f olup konunun hem Karayollar\u0131 Genel M\u00fcd\u00fcrl\u00fc\u011f\u00fc hem de Ula\u015ft\u0131rma ve Altyap\u0131 Bakanl\u0131\u011f\u0131 nezdinde gerekli takibi ve bir an \u00f6nce neticelenmesi i\u00e7in g\u00f6r\u00fc\u015fmelerimizi ve giri\u015fimlerimizi s\u00fcrd\u00fcrece\u011fiz. K\u0131r\u0131kkalemizin her sorununun \u00e7\u00f6z\u00fcm\u00fc i\u00e7in t\u00fcm \u00e7al\u0131\u015fmalar\u0131 yap\u0131yoruz. dedi.<\/p>\n<div class=\"jeg_ad jeg_ad_article jnews_content_inline_2_ads \">\n<div class=\"ads-wrapper align-center \">\n<div class=\"ads_google_ads\"><\/div>\n<\/div>\n<\/div>\n","protected":false},"excerpt":{"rendered":"<p>25.08.2023 tarihinde K\u0131r\u0131kkale-K\u0131r\u015fehir karayolu \u00fczerinde Keskin mevkisinde maalesef bir karde\u015fimizin hayat\u0131n\u0131 kaybetti\u011fi elim bir trafik kazas\u0131 ya\u015fanm\u0131\u015ft\u0131r. Karde\u015fimizin ailesine ve yak\u0131nlar\u0131na ba\u015f sa\u011fl\u0131\u011f\u0131 diliyorum. Allah rahmet eylesin, mek\u00e2n\u0131 Cennet olsun. Kaza \u00fczerine 28.08.2023 tarihinde b\u00f6lge sakinlerinin talepleriyle ilgili bir a\u00e7\u0131klamalar\u0131 ve giri\u015fimleri olmu\u015ftur. Daha \u00f6ncede kazalar\u0131n ya\u015fand\u0131\u011f\u0131 bu b\u00f6lgede 29.08.2023 tarihi itibariyle m\u00fclk\u00ee amirler ve &hellip;<\/p>\n","protected":false},"author":3,"featured_media":2106,"comment_status":"open","ping_status":"closed","sticky":false,"template":"","format":"standard","meta":{"_bbp_topic_count":0,"_bbp_reply_count":0,"_bbp_total_topic_count":0,"_bbp_total_reply_count":0,"_bbp_voice_count":0,"_bbp_anonymous_reply_count":0,"_bbp_topic_count_hidden":0,"_bbp_reply_count_hidden":0,"_bbp_forum_subforum_count":0,"footnotes":""},"categories":[1,60],"tags":[],"class_list":["post-2221","post","type-post","status-publish","format-standard","has-post-thumbnail","hentry","category-manset","category-politika"],"amp_enabled":true,"_links":{"self":[{"href":"https:\/\/ajanskale.com\/index.php\/wp-json\/wp\/v2\/posts\/2221","targetHints":{"allow":["GET"]}}],"collection":[{"href":"https:\/\/ajanskale.com\/index.php\/wp-json\/wp\/v2\/posts"}],"about":[{"href":"https:\/\/ajanskale.com\/index.php\/wp-json\/wp\/v2\/types\/post"}],"author":[{"embeddable":true,"href":"https:\/\/ajanskale.com\/index.php\/wp-json\/wp\/v2\/users\/3"}],"replies":[{"embeddable":true,"href":"https:\/\/ajanskale.com\/index.php\/wp-json\/wp\/v2\/comments?post=2221"}],"version-history":[{"count":3,"href":"https:\/\/ajanskale.com\/index.php\/wp-json\/wp\/v2\/posts\/2221\/revisions"}],"predecessor-version":[{"id":2224,"href":"https:\/\/ajanskale.com\/index.php\/wp-json\/wp\/v2\/posts\/2221\/revisions\/2224"}],"wp:featuredmedia":[{"embeddable":true,"href":"https:\/\/ajanskale.com\/index.php\/wp-json\/wp\/v2\/media\/2106"}],"wp:attachment":[{"href":"https:\/\/ajanskale.com\/index.php\/wp-json\/wp\/v2\/media?parent=2221"}],"wp:term":[{"taxonomy":"category","embeddable":true,"href":"https:\/\/ajanskale.com\/index.php\/wp-json\/wp\/v2\/categories?post=2221"},{"taxonomy":"post_tag","embeddable":true,"href":"https:\/\/ajanskale.com\/index.php\/wp-json\/wp\/v2\/tags?post=2221"}],"curies":[{"name":"wp","href":"https:\/\/api.w.org\/{rel}","templated":true}]}}