{"id":2213,"date":"2023-08-24T14:49:23","date_gmt":"2023-08-24T14:49:23","guid":{"rendered":"https:\/\/ajanskale.com\/?p=2213"},"modified":"2023-08-24T14:49:23","modified_gmt":"2023-08-24T14:49:23","slug":"sicaktan-bunalan-cocuklar-serinlemenin-yolunu-buldu","status":"publish","type":"post","link":"https:\/\/ajanskale.com\/index.php\/2023\/08\/24\/sicaktan-bunalan-cocuklar-serinlemenin-yolunu-buldu\/","title":{"rendered":"S\u0131caktan Bunalan \u00c7ocuklar Serinlemenin Yolunu Buldu"},"content":{"rendered":"<p>K\u0131r\u0131kkale Belediyesi g\u00f6revlilerinin \u00e7imlere su s\u0131kmas\u0131n\u0131 f\u0131rsat bilen \u00e7ocuklar serinlemek i\u00e7in suyun alt\u0131na girdi. G\u00fcl\u00fcmseten g\u00f6r\u00fcnt\u00fcler \u00e7evredeki vatanda\u015flar taraf\u0131ndan g\u00f6r\u00fcnt\u00fclendi.<br \/>\nSon aylarda hava s\u0131cakl\u0131klar\u0131n\u0131n mevsim normallerinin \u00fczerinde seyretmesi ile s\u0131caktan bunalanlar serinlemek i\u00e7in g\u00f6lgelik alanlar\u0131 tercih edenlerin yan\u0131 s\u0131ra kendilerince \u00e7e\u015fitli y\u00f6ntemler bulanlar da oldu.<br \/>\nK\u0131r\u0131kkale Belediyesi Park ve Bah\u00e7eler M\u00fcd\u00fcrl\u00fc\u011f\u00fc ekiplerinin kentteki park alanlar\u0131 ve \u00e7im alanlar\u0131n\u0131 sulama yapt\u0131klar\u0131 esnada s\u0131caktan bunalan biri bisikletli 3 \u00e7ocuk suyun alt\u0131na girdi. \u00c7ocuklardan ikisi bir s\u00fcre suyun alt\u0131na yatarak serinlemek istedi.<br \/>\n\u00c7ocuklar\u0131n e\u011flenceli ve g\u00fcl\u00fcmseten g\u00f6r\u00fcnt\u00fcleri, \u00e7evredeki vatanda\u015flar taraf\u0131ndan cep telefonuyla g\u00f6r\u00fcnt\u00fclendi.<\/p>\n","protected":false},"excerpt":{"rendered":"<p>K\u0131r\u0131kkale Belediyesi g\u00f6revlilerinin \u00e7imlere su s\u0131kmas\u0131n\u0131 f\u0131rsat bilen \u00e7ocuklar serinlemek i\u00e7in suyun alt\u0131na girdi. G\u00fcl\u00fcmseten g\u00f6r\u00fcnt\u00fcler \u00e7evredeki vatanda\u015flar taraf\u0131ndan g\u00f6r\u00fcnt\u00fclendi. Son aylarda hava s\u0131cakl\u0131klar\u0131n\u0131n mevsim normallerinin \u00fczerinde seyretmesi ile s\u0131caktan bunalanlar serinlemek i\u00e7in g\u00f6lgelik alanlar\u0131 tercih edenlerin yan\u0131 s\u0131ra kendilerince \u00e7e\u015fitli y\u00f6ntemler bulanlar da oldu. K\u0131r\u0131kkale Belediyesi Park ve Bah\u00e7eler M\u00fcd\u00fcrl\u00fc\u011f\u00fc ekiplerinin kentteki park alanlar\u0131 &hellip;<\/p>\n","protected":false},"author":3,"featured_media":2214,"comment_status":"open","ping_status":"closed","sticky":false,"template":"","format":"standard","meta":{"_bbp_topic_count":0,"_bbp_reply_count":0,"_bbp_total_topic_count":0,"_bbp_total_reply_count":0,"_bbp_voice_count":0,"_bbp_anonymous_reply_count":0,"_bbp_topic_count_hidden":0,"_bbp_reply_count_hidden":0,"_bbp_forum_subforum_count":0,"footnotes":""},"categories":[1],"tags":[],"class_list":["post-2213","post","type-post","status-publish","format-standard","has-post-thumbnail","hentry","category-manset"],"amp_enabled":true,"_links":{"self":[{"href":"https:\/\/ajanskale.com\/index.php\/wp-json\/wp\/v2\/posts\/2213","targetHints":{"allow":["GET"]}}],"collection":[{"href":"https:\/\/ajanskale.com\/index.php\/wp-json\/wp\/v2\/posts"}],"about":[{"href":"https:\/\/ajanskale.com\/index.php\/wp-json\/wp\/v2\/types\/post"}],"author":[{"embeddable":true,"href":"https:\/\/ajanskale.com\/index.php\/wp-json\/wp\/v2\/users\/3"}],"replies":[{"embeddable":true,"href":"https:\/\/ajanskale.com\/index.php\/wp-json\/wp\/v2\/comments?post=2213"}],"version-history":[{"count":1,"href":"https:\/\/ajanskale.com\/index.php\/wp-json\/wp\/v2\/posts\/2213\/revisions"}],"predecessor-version":[{"id":2215,"href":"https:\/\/ajanskale.com\/index.php\/wp-json\/wp\/v2\/posts\/2213\/revisions\/2215"}],"wp:featuredmedia":[{"embeddable":true,"href":"https:\/\/ajanskale.com\/index.php\/wp-json\/wp\/v2\/media\/2214"}],"wp:attachment":[{"href":"https:\/\/ajanskale.com\/index.php\/wp-json\/wp\/v2\/media?parent=2213"}],"wp:term":[{"taxonomy":"category","embeddable":true,"href":"https:\/\/ajanskale.com\/index.php\/wp-json\/wp\/v2\/categories?post=2213"},{"taxonomy":"post_tag","embeddable":true,"href":"https:\/\/ajanskale.com\/index.php\/wp-json\/wp\/v2\/tags?post=2213"}],"curies":[{"name":"wp","href":"https:\/\/api.w.org\/{rel}","templated":true}]}}