{"id":2206,"date":"2023-08-20T20:06:42","date_gmt":"2023-08-20T20:06:42","guid":{"rendered":"https:\/\/ajanskale.com\/?p=2206"},"modified":"2023-08-20T20:06:42","modified_gmt":"2023-08-20T20:06:42","slug":"seyir-halindeki-surucu-boya-ikmal-kamyonuyla-carpisti","status":"publish","type":"post","link":"https:\/\/ajanskale.com\/index.php\/2023\/08\/20\/seyir-halindeki-surucu-boya-ikmal-kamyonuyla-carpisti\/","title":{"rendered":"Seyir halindeki s\u00fcr\u00fcc\u00fc boya ikmal kamyonuyla \u00e7arp\u0131\u015ft\u0131"},"content":{"rendered":"<p>K\u0131r\u0131kkale&#8217;de seyir halindeki bir s\u00fcr\u00fcc\u00fc \u00fcn\u00fcndeki yol \u00e7izgi \u00e7al\u0131\u015fmas\u0131 yapan boya ikmal kamyonuyla \u00e7arp\u0131\u015ft\u0131. Meydana gelen kazada yaralanan s\u00fcr\u00fcc\u00fc hastaneye kald\u0131r\u0131ld\u0131.<br \/>\nAl\u0131nan bilgiye g\u00f6re kaza, K\u0131r\u0131kkale-Samsun karayolunun 38. kilometresinde meydana geldi.<br \/>\nSeyir halindeki 53 ACS 903 plakal\u0131 otomobil, Bal\u0131\u015feyh il\u00e7esi yak\u0131nlar\u0131nda ayn\u0131 y\u00f6nde bulunan ve yol \u00e7izgi \u00e7al\u0131\u015fmas\u0131nda g\u00f6revli 54 AFY 074 plakal\u0131 kamyonla \u00e7arp\u0131\u015ft\u0131.<br \/>\nOlay yerine sa\u011fl\u0131k ve polis ekipleri sevk edildi.<br \/>\nMeydana gelen kazada yaralanan otomobil s\u00fcr\u00fcc\u00fcs\u00fc, sa\u011fl\u0131k g\u00f6revlilerince yap\u0131lan ilk m\u00fcdahalenin ard\u0131ndan ambulansla hastaneye kald\u0131r\u0131ld\u0131.<br \/>\nTedavi alt\u0131na al\u0131nan yaral\u0131 s\u00fcr\u00fcc\u00fcn\u00fcn hayati tehlikesinin bulunmad\u0131\u011f\u0131 \u00f6\u011frenildi.<\/p>\n","protected":false},"excerpt":{"rendered":"<p>K\u0131r\u0131kkale&#8217;de seyir halindeki bir s\u00fcr\u00fcc\u00fc \u00fcn\u00fcndeki yol \u00e7izgi \u00e7al\u0131\u015fmas\u0131 yapan boya ikmal kamyonuyla \u00e7arp\u0131\u015ft\u0131. Meydana gelen kazada yaralanan s\u00fcr\u00fcc\u00fc hastaneye kald\u0131r\u0131ld\u0131. Al\u0131nan bilgiye g\u00f6re kaza, K\u0131r\u0131kkale-Samsun karayolunun 38. kilometresinde meydana geldi. Seyir halindeki 53 ACS 903 plakal\u0131 otomobil, Bal\u0131\u015feyh il\u00e7esi yak\u0131nlar\u0131nda ayn\u0131 y\u00f6nde bulunan ve yol \u00e7izgi \u00e7al\u0131\u015fmas\u0131nda g\u00f6revli 54 AFY 074 plakal\u0131 kamyonla \u00e7arp\u0131\u015ft\u0131. &hellip;<\/p>\n","protected":false},"author":3,"featured_media":2207,"comment_status":"open","ping_status":"closed","sticky":false,"template":"","format":"standard","meta":{"_bbp_topic_count":0,"_bbp_reply_count":0,"_bbp_total_topic_count":0,"_bbp_total_reply_count":0,"_bbp_voice_count":0,"_bbp_anonymous_reply_count":0,"_bbp_topic_count_hidden":0,"_bbp_reply_count_hidden":0,"_bbp_forum_subforum_count":0,"footnotes":""},"categories":[1],"tags":[],"class_list":["post-2206","post","type-post","status-publish","format-standard","has-post-thumbnail","hentry","category-manset"],"amp_enabled":true,"_links":{"self":[{"href":"https:\/\/ajanskale.com\/index.php\/wp-json\/wp\/v2\/posts\/2206","targetHints":{"allow":["GET"]}}],"collection":[{"href":"https:\/\/ajanskale.com\/index.php\/wp-json\/wp\/v2\/posts"}],"about":[{"href":"https:\/\/ajanskale.com\/index.php\/wp-json\/wp\/v2\/types\/post"}],"author":[{"embeddable":true,"href":"https:\/\/ajanskale.com\/index.php\/wp-json\/wp\/v2\/users\/3"}],"replies":[{"embeddable":true,"href":"https:\/\/ajanskale.com\/index.php\/wp-json\/wp\/v2\/comments?post=2206"}],"version-history":[{"count":1,"href":"https:\/\/ajanskale.com\/index.php\/wp-json\/wp\/v2\/posts\/2206\/revisions"}],"predecessor-version":[{"id":2208,"href":"https:\/\/ajanskale.com\/index.php\/wp-json\/wp\/v2\/posts\/2206\/revisions\/2208"}],"wp:featuredmedia":[{"embeddable":true,"href":"https:\/\/ajanskale.com\/index.php\/wp-json\/wp\/v2\/media\/2207"}],"wp:attachment":[{"href":"https:\/\/ajanskale.com\/index.php\/wp-json\/wp\/v2\/media?parent=2206"}],"wp:term":[{"taxonomy":"category","embeddable":true,"href":"https:\/\/ajanskale.com\/index.php\/wp-json\/wp\/v2\/categories?post=2206"},{"taxonomy":"post_tag","embeddable":true,"href":"https:\/\/ajanskale.com\/index.php\/wp-json\/wp\/v2\/tags?post=2206"}],"curies":[{"name":"wp","href":"https:\/\/api.w.org\/{rel}","templated":true}]}}