{"id":2199,"date":"2023-08-20T20:00:59","date_gmt":"2023-08-20T20:00:59","guid":{"rendered":"https:\/\/ajanskale.com\/?p=2199"},"modified":"2023-08-20T20:00:59","modified_gmt":"2023-08-20T20:00:59","slug":"balkondan-dusen-minik-cocuk-yasam-mucadelesi-veriyor","status":"publish","type":"post","link":"https:\/\/ajanskale.com\/index.php\/2023\/08\/20\/balkondan-dusen-minik-cocuk-yasam-mucadelesi-veriyor\/","title":{"rendered":"Balkondan d\u00fc\u015fen minik \u00e7ocuk ya\u015fam m\u00fccadelesi veriyor"},"content":{"rendered":"<p>K\u0131r\u0131kkale&#8217;de 5 katl\u0131 apartman\u0131n 3. kat\u0131ndan zemine d\u00fc\u015fen 2 ya\u015f\u0131ndaki depremzede k\u0131z \u00e7ocu\u011fu a\u011f\u0131r \u015fekilde yaraland\u0131.<br \/>\nAl\u0131nan bilgiye g\u00f6re olay, Yah\u015fihan il\u00e7esi Yeni\u015fehir Mahallesi&#8217;nde meydana geldi.<br \/>\nKarde\u015fi ile evin balkonunda oynad\u0131klar\u0131 esnada bir anda dengesini kaybeden \u00e7ocu\u011fun toprak zemine d\u00fc\u015ft\u00fc\u011f\u00fc belirtildi.<br \/>\nA\u011f\u0131r yaralanan \u00e7ocuk, yoldan ge\u00e7en bir ara\u00e7la K\u0131r\u0131kkale \u00dcniversitesi T\u0131p Fak\u00fcltesi Hastanesine g\u00f6t\u00fcr\u00fcld\u00fc.<br \/>\nDurumunun a\u011f\u0131r oldu\u011fu \u00f6\u011frenilen \u00e7ocuk, yo\u011fun bak\u0131mdaki tedavisinin ard\u0131ndan ileri tetkik ve tedavisi i\u00e7in Ankara Etlik \u015eehir Hastanesine g\u00f6t\u00fcr\u00fclece\u011fi belirtildi.<br \/>\n\u00c7ocuk ve ailesinin Kahramanmara\u015f merkezli depremlerin ard\u0131ndan Hatay&#8217;dan gelerek K\u0131r\u0131kkale&#8217;ye yerle\u015fti\u011fi \u00f6\u011frenildi.<\/p>\n","protected":false},"excerpt":{"rendered":"<p>K\u0131r\u0131kkale&#8217;de 5 katl\u0131 apartman\u0131n 3. kat\u0131ndan zemine d\u00fc\u015fen 2 ya\u015f\u0131ndaki depremzede k\u0131z \u00e7ocu\u011fu a\u011f\u0131r \u015fekilde yaraland\u0131. Al\u0131nan bilgiye g\u00f6re olay, Yah\u015fihan il\u00e7esi Yeni\u015fehir Mahallesi&#8217;nde meydana geldi. Karde\u015fi ile evin balkonunda oynad\u0131klar\u0131 esnada bir anda dengesini kaybeden \u00e7ocu\u011fun toprak zemine d\u00fc\u015ft\u00fc\u011f\u00fc belirtildi. A\u011f\u0131r yaralanan \u00e7ocuk, yoldan ge\u00e7en bir ara\u00e7la K\u0131r\u0131kkale \u00dcniversitesi T\u0131p Fak\u00fcltesi Hastanesine g\u00f6t\u00fcr\u00fcld\u00fc. Durumunun &hellip;<\/p>\n","protected":false},"author":3,"featured_media":2200,"comment_status":"open","ping_status":"closed","sticky":false,"template":"","format":"standard","meta":{"_bbp_topic_count":0,"_bbp_reply_count":0,"_bbp_total_topic_count":0,"_bbp_total_reply_count":0,"_bbp_voice_count":0,"_bbp_anonymous_reply_count":0,"_bbp_topic_count_hidden":0,"_bbp_reply_count_hidden":0,"_bbp_forum_subforum_count":0,"footnotes":""},"categories":[1],"tags":[],"class_list":["post-2199","post","type-post","status-publish","format-standard","has-post-thumbnail","hentry","category-manset"],"amp_enabled":true,"_links":{"self":[{"href":"https:\/\/ajanskale.com\/index.php\/wp-json\/wp\/v2\/posts\/2199","targetHints":{"allow":["GET"]}}],"collection":[{"href":"https:\/\/ajanskale.com\/index.php\/wp-json\/wp\/v2\/posts"}],"about":[{"href":"https:\/\/ajanskale.com\/index.php\/wp-json\/wp\/v2\/types\/post"}],"author":[{"embeddable":true,"href":"https:\/\/ajanskale.com\/index.php\/wp-json\/wp\/v2\/users\/3"}],"replies":[{"embeddable":true,"href":"https:\/\/ajanskale.com\/index.php\/wp-json\/wp\/v2\/comments?post=2199"}],"version-history":[{"count":2,"href":"https:\/\/ajanskale.com\/index.php\/wp-json\/wp\/v2\/posts\/2199\/revisions"}],"predecessor-version":[{"id":2202,"href":"https:\/\/ajanskale.com\/index.php\/wp-json\/wp\/v2\/posts\/2199\/revisions\/2202"}],"wp:featuredmedia":[{"embeddable":true,"href":"https:\/\/ajanskale.com\/index.php\/wp-json\/wp\/v2\/media\/2200"}],"wp:attachment":[{"href":"https:\/\/ajanskale.com\/index.php\/wp-json\/wp\/v2\/media?parent=2199"}],"wp:term":[{"taxonomy":"category","embeddable":true,"href":"https:\/\/ajanskale.com\/index.php\/wp-json\/wp\/v2\/categories?post=2199"},{"taxonomy":"post_tag","embeddable":true,"href":"https:\/\/ajanskale.com\/index.php\/wp-json\/wp\/v2\/tags?post=2199"}],"curies":[{"name":"wp","href":"https:\/\/api.w.org\/{rel}","templated":true}]}}