{"id":2193,"date":"2023-08-20T19:55:28","date_gmt":"2023-08-20T19:55:28","guid":{"rendered":"https:\/\/ajanskale.com\/?p=2193"},"modified":"2023-08-20T19:55:28","modified_gmt":"2023-08-20T19:55:28","slug":"iki-kamyon-carpisti-olu-ve-yaralilar-var","status":"publish","type":"post","link":"https:\/\/ajanskale.com\/index.php\/2023\/08\/20\/iki-kamyon-carpisti-olu-ve-yaralilar-var\/","title":{"rendered":"\u0130ki kamyon \u00e7arp\u0131\u015ft\u0131, \u00f6l\u00fc ve yaral\u0131lar var"},"content":{"rendered":"<p>K\u0131r\u0131kkale\u2019nin Delice il\u00e7esinde iki kamyonun \u00e7arp\u0131\u015fmas\u0131 sonucu meydana gelen trafik kazas\u0131nda 1 ki\u015fi olay yerinde hayat\u0131n\u0131 kaybetti, 2 s\u00fcr\u00fcc\u00fc ise yaraland\u0131.<br \/>\nS\u00fcr\u00fcc\u00fc O. C. idaresindeki 15 ACE 986 plakal\u0131 kamyon, K\u0131r\u0131kkale-Yozgat karayolunun 57. kilometresinde M. \u0130. idaresindeki 45 AHR710 plakal\u0131 kamyon ile \u00e7arp\u0131\u015ft\u0131.<br \/>\nOlay yerine sa\u011fl\u0131k ve polis ekipleri sevk edildi.<br \/>\nKazada \u00e7arpman\u0131n etkisiyle kamyonlardan birisi devrildi.<br \/>\nKazada her iki kamyon s\u00fcr\u00fcc\u00fcs\u00fc yaralan\u0131rken kamyondaki yolcu C.C. ise olay yerinde hayat\u0131n\u0131 kaybetti.<br \/>\nYaral\u0131 s\u00fcr\u00fcc\u00fcler, sa\u011fl\u0131k g\u00f6revlilerinin ilk m\u00fcdahalesinin ard\u0131ndan ambulansla hastaneye sevk edildi.<br \/>\n\u00d6len ki\u015fi de cenaze arac\u0131yla hastane morguna kald\u0131r\u0131ld\u0131.<\/p>\n","protected":false},"excerpt":{"rendered":"<p>K\u0131r\u0131kkale\u2019nin Delice il\u00e7esinde iki kamyonun \u00e7arp\u0131\u015fmas\u0131 sonucu meydana gelen trafik kazas\u0131nda 1 ki\u015fi olay yerinde hayat\u0131n\u0131 kaybetti, 2 s\u00fcr\u00fcc\u00fc ise yaraland\u0131. S\u00fcr\u00fcc\u00fc O. C. idaresindeki 15 ACE 986 plakal\u0131 kamyon, K\u0131r\u0131kkale-Yozgat karayolunun 57. kilometresinde M. \u0130. idaresindeki 45 AHR710 plakal\u0131 kamyon ile \u00e7arp\u0131\u015ft\u0131. Olay yerine sa\u011fl\u0131k ve polis ekipleri sevk edildi. Kazada \u00e7arpman\u0131n etkisiyle kamyonlardan &hellip;<\/p>\n","protected":false},"author":3,"featured_media":2194,"comment_status":"open","ping_status":"closed","sticky":false,"template":"","format":"standard","meta":{"_bbp_topic_count":0,"_bbp_reply_count":0,"_bbp_total_topic_count":0,"_bbp_total_reply_count":0,"_bbp_voice_count":0,"_bbp_anonymous_reply_count":0,"_bbp_topic_count_hidden":0,"_bbp_reply_count_hidden":0,"_bbp_forum_subforum_count":0,"footnotes":""},"categories":[1],"tags":[],"class_list":["post-2193","post","type-post","status-publish","format-standard","has-post-thumbnail","hentry","category-manset"],"amp_enabled":true,"_links":{"self":[{"href":"https:\/\/ajanskale.com\/index.php\/wp-json\/wp\/v2\/posts\/2193","targetHints":{"allow":["GET"]}}],"collection":[{"href":"https:\/\/ajanskale.com\/index.php\/wp-json\/wp\/v2\/posts"}],"about":[{"href":"https:\/\/ajanskale.com\/index.php\/wp-json\/wp\/v2\/types\/post"}],"author":[{"embeddable":true,"href":"https:\/\/ajanskale.com\/index.php\/wp-json\/wp\/v2\/users\/3"}],"replies":[{"embeddable":true,"href":"https:\/\/ajanskale.com\/index.php\/wp-json\/wp\/v2\/comments?post=2193"}],"version-history":[{"count":1,"href":"https:\/\/ajanskale.com\/index.php\/wp-json\/wp\/v2\/posts\/2193\/revisions"}],"predecessor-version":[{"id":2195,"href":"https:\/\/ajanskale.com\/index.php\/wp-json\/wp\/v2\/posts\/2193\/revisions\/2195"}],"wp:featuredmedia":[{"embeddable":true,"href":"https:\/\/ajanskale.com\/index.php\/wp-json\/wp\/v2\/media\/2194"}],"wp:attachment":[{"href":"https:\/\/ajanskale.com\/index.php\/wp-json\/wp\/v2\/media?parent=2193"}],"wp:term":[{"taxonomy":"category","embeddable":true,"href":"https:\/\/ajanskale.com\/index.php\/wp-json\/wp\/v2\/categories?post=2193"},{"taxonomy":"post_tag","embeddable":true,"href":"https:\/\/ajanskale.com\/index.php\/wp-json\/wp\/v2\/tags?post=2193"}],"curies":[{"name":"wp","href":"https:\/\/api.w.org\/{rel}","templated":true}]}}