{"id":2120,"date":"2023-08-02T12:14:53","date_gmt":"2023-08-02T12:14:53","guid":{"rendered":"https:\/\/ajanskale.com\/?p=2120"},"modified":"2023-08-02T12:15:39","modified_gmt":"2023-08-02T12:15:39","slug":"alevler-icinde-kalinca-hepsi-kule-dondu","status":"publish","type":"post","link":"https:\/\/ajanskale.com\/index.php\/2023\/08\/02\/alevler-icinde-kalinca-hepsi-kule-dondu\/","title":{"rendered":"Alevler i\u00e7inde kal\u0131nca hepsi k\u00fcle d\u00f6nd\u00fc"},"content":{"rendered":"<p>K\u0131r\u0131kkale\u2019nin Keskin il\u00e7esinde bir besiciye ait 3 bin balya saman yand\u0131. Alevler, evlere ve ah\u0131rlara s\u0131\u00e7ramadan s\u00f6nd\u00fcr\u00fcld\u00fc.<br \/>\nKa\u00e7ak k\u00f6y\u00fcnde besicilik yapan A.B&#8217;ye ait samanl\u0131kta hen\u00fcz bilinmeyen bir nedenle yang\u0131n \u00e7\u0131kt\u0131. R\u00fczgar\u0131n da etkisiyle alevler k\u0131sa s\u00fcrede samanl\u0131\u011f\u0131n tamam\u0131n\u0131 sard\u0131.<br \/>\nHaber verilmesi \u00fczerine olay yerine sa\u011fl\u0131k, itfaiye ve jandarma ekipleri sevk edildi.<br \/>\nKeskin Belediyesi itfaiye ekiplerince m\u00fcdahale edilen yang\u0131n, samanl\u0131\u011f\u0131n yak\u0131n\u0131ndaki evlere ve ah\u0131rlara s\u0131\u00e7ramadan s\u00f6nd\u00fcr\u00fcld\u00fc.<br \/>\nMeydana gelen yang\u0131nda maddi hasar olu\u015ftu.<\/p>\n","protected":false},"excerpt":{"rendered":"<p>K\u0131r\u0131kkale\u2019nin Keskin il\u00e7esinde bir besiciye ait 3 bin balya saman yand\u0131. Alevler, evlere ve ah\u0131rlara s\u0131\u00e7ramadan s\u00f6nd\u00fcr\u00fcld\u00fc. Ka\u00e7ak k\u00f6y\u00fcnde besicilik yapan A.B&#8217;ye ait samanl\u0131kta hen\u00fcz bilinmeyen bir nedenle yang\u0131n \u00e7\u0131kt\u0131. R\u00fczgar\u0131n da etkisiyle alevler k\u0131sa s\u00fcrede samanl\u0131\u011f\u0131n tamam\u0131n\u0131 sard\u0131. Haber verilmesi \u00fczerine olay yerine sa\u011fl\u0131k, itfaiye ve jandarma ekipleri sevk edildi. Keskin Belediyesi itfaiye ekiplerince &hellip;<\/p>\n","protected":false},"author":3,"featured_media":2121,"comment_status":"open","ping_status":"closed","sticky":false,"template":"","format":"standard","meta":{"_bbp_topic_count":0,"_bbp_reply_count":0,"_bbp_total_topic_count":0,"_bbp_total_reply_count":0,"_bbp_voice_count":0,"_bbp_anonymous_reply_count":0,"_bbp_topic_count_hidden":0,"_bbp_reply_count_hidden":0,"_bbp_forum_subforum_count":0,"footnotes":""},"categories":[1],"tags":[],"class_list":["post-2120","post","type-post","status-publish","format-standard","has-post-thumbnail","hentry","category-manset"],"amp_enabled":true,"_links":{"self":[{"href":"https:\/\/ajanskale.com\/index.php\/wp-json\/wp\/v2\/posts\/2120","targetHints":{"allow":["GET"]}}],"collection":[{"href":"https:\/\/ajanskale.com\/index.php\/wp-json\/wp\/v2\/posts"}],"about":[{"href":"https:\/\/ajanskale.com\/index.php\/wp-json\/wp\/v2\/types\/post"}],"author":[{"embeddable":true,"href":"https:\/\/ajanskale.com\/index.php\/wp-json\/wp\/v2\/users\/3"}],"replies":[{"embeddable":true,"href":"https:\/\/ajanskale.com\/index.php\/wp-json\/wp\/v2\/comments?post=2120"}],"version-history":[{"count":1,"href":"https:\/\/ajanskale.com\/index.php\/wp-json\/wp\/v2\/posts\/2120\/revisions"}],"predecessor-version":[{"id":2122,"href":"https:\/\/ajanskale.com\/index.php\/wp-json\/wp\/v2\/posts\/2120\/revisions\/2122"}],"wp:featuredmedia":[{"embeddable":true,"href":"https:\/\/ajanskale.com\/index.php\/wp-json\/wp\/v2\/media\/2121"}],"wp:attachment":[{"href":"https:\/\/ajanskale.com\/index.php\/wp-json\/wp\/v2\/media?parent=2120"}],"wp:term":[{"taxonomy":"category","embeddable":true,"href":"https:\/\/ajanskale.com\/index.php\/wp-json\/wp\/v2\/categories?post=2120"},{"taxonomy":"post_tag","embeddable":true,"href":"https:\/\/ajanskale.com\/index.php\/wp-json\/wp\/v2\/tags?post=2120"}],"curies":[{"name":"wp","href":"https:\/\/api.w.org\/{rel}","templated":true}]}}