{"id":2108,"date":"2023-07-25T09:47:23","date_gmt":"2023-07-25T09:47:23","guid":{"rendered":"https:\/\/ajanskale.com\/?p=2108"},"modified":"2023-07-25T09:47:23","modified_gmt":"2023-07-25T09:47:23","slug":"yanginda-apartman-bosaltildi-4-kisi-hastaneye-kaldirildi","status":"publish","type":"post","link":"https:\/\/ajanskale.com\/index.php\/2023\/07\/25\/yanginda-apartman-bosaltildi-4-kisi-hastaneye-kaldirildi\/","title":{"rendered":"Yang\u0131nda apartman bo\u015falt\u0131ld\u0131, 4 ki\u015fi hastaneye kald\u0131r\u0131ld\u0131"},"content":{"rendered":"<p>K\u0131r\u0131kkale&#8217;de bir aparman\u0131n 5. kat\u0131nda \u00e7\u0131kan yang\u0131nda dumandan etkilenen 3&#8217;\u00fc \u00e7ocuk 1&#8217;i anne 4 ki\u015fi hastaneye kald\u0131r\u0131larak tedavi alt\u0131na al\u0131nd\u0131.<br \/>\nG\u00fcrler Mahallesi 668. sokaktaki 5 katl\u0131 apartman\u0131n 5. kat\u0131ndaki dairenin mutfak b\u00f6l\u00fcm\u00fcnde hen\u00fcz bilinmeyen bir nedenle yang\u0131n \u00e7\u0131kt\u0131. Dumanlar\u0131 ve alevleri g\u00f6ren \u00e7evredeki vatanda\u015flar\u0131n ihbar\u0131 \u00fczerine olay yerine sa\u011fl\u0131k, itfaiye ve polis ekipleri sevk edildi.<br \/>\n\u0130tfaiye ekipleri yang\u0131n esnas\u0131nda evde bulunan ve dumandan etkilenen anne ve 3 \u00e7ocu\u011funu apartmandan \u00e7\u0131kartt\u0131.<br \/>\nBir s\u00fcre ambulansta m\u00fcdahale edilen anne ve \u00e7ocuklar\u0131, daha sonra hastaneye g\u00f6t\u00fcr\u00fclerek tedavi alt\u0131na al\u0131nd\u0131.<br \/>\n\u0130tfaiye ekipleri evde \u00e7\u0131kan yang\u0131na m\u00fcdahale ederek s\u00f6nd\u00fcrd\u00fc.<br \/>\nYang\u0131n\u0131n \u00e7\u0131kt\u0131\u011f\u0131 binada oturanlar ise tedbir ama\u00e7l\u0131 olarak binadan bo\u015falt\u0131ld\u0131. Yang\u0131nda, apartman dairesinde ve \u00e7at\u0131s\u0131nda maddi hasar olu\u015ftu.<\/p>\n","protected":false},"excerpt":{"rendered":"<p>K\u0131r\u0131kkale&#8217;de bir aparman\u0131n 5. kat\u0131nda \u00e7\u0131kan yang\u0131nda dumandan etkilenen 3&#8217;\u00fc \u00e7ocuk 1&#8217;i anne 4 ki\u015fi hastaneye kald\u0131r\u0131larak tedavi alt\u0131na al\u0131nd\u0131. G\u00fcrler Mahallesi 668. sokaktaki 5 katl\u0131 apartman\u0131n 5. kat\u0131ndaki dairenin mutfak b\u00f6l\u00fcm\u00fcnde hen\u00fcz bilinmeyen bir nedenle yang\u0131n \u00e7\u0131kt\u0131. Dumanlar\u0131 ve alevleri g\u00f6ren \u00e7evredeki vatanda\u015flar\u0131n ihbar\u0131 \u00fczerine olay yerine sa\u011fl\u0131k, itfaiye ve polis ekipleri sevk edildi. &hellip;<\/p>\n","protected":false},"author":3,"featured_media":2109,"comment_status":"open","ping_status":"closed","sticky":false,"template":"","format":"standard","meta":{"_bbp_topic_count":0,"_bbp_reply_count":0,"_bbp_total_topic_count":0,"_bbp_total_reply_count":0,"_bbp_voice_count":0,"_bbp_anonymous_reply_count":0,"_bbp_topic_count_hidden":0,"_bbp_reply_count_hidden":0,"_bbp_forum_subforum_count":0,"footnotes":""},"categories":[1],"tags":[],"class_list":["post-2108","post","type-post","status-publish","format-standard","has-post-thumbnail","hentry","category-manset"],"amp_enabled":true,"_links":{"self":[{"href":"https:\/\/ajanskale.com\/index.php\/wp-json\/wp\/v2\/posts\/2108","targetHints":{"allow":["GET"]}}],"collection":[{"href":"https:\/\/ajanskale.com\/index.php\/wp-json\/wp\/v2\/posts"}],"about":[{"href":"https:\/\/ajanskale.com\/index.php\/wp-json\/wp\/v2\/types\/post"}],"author":[{"embeddable":true,"href":"https:\/\/ajanskale.com\/index.php\/wp-json\/wp\/v2\/users\/3"}],"replies":[{"embeddable":true,"href":"https:\/\/ajanskale.com\/index.php\/wp-json\/wp\/v2\/comments?post=2108"}],"version-history":[{"count":1,"href":"https:\/\/ajanskale.com\/index.php\/wp-json\/wp\/v2\/posts\/2108\/revisions"}],"predecessor-version":[{"id":2110,"href":"https:\/\/ajanskale.com\/index.php\/wp-json\/wp\/v2\/posts\/2108\/revisions\/2110"}],"wp:featuredmedia":[{"embeddable":true,"href":"https:\/\/ajanskale.com\/index.php\/wp-json\/wp\/v2\/media\/2109"}],"wp:attachment":[{"href":"https:\/\/ajanskale.com\/index.php\/wp-json\/wp\/v2\/media?parent=2108"}],"wp:term":[{"taxonomy":"category","embeddable":true,"href":"https:\/\/ajanskale.com\/index.php\/wp-json\/wp\/v2\/categories?post=2108"},{"taxonomy":"post_tag","embeddable":true,"href":"https:\/\/ajanskale.com\/index.php\/wp-json\/wp\/v2\/tags?post=2108"}],"curies":[{"name":"wp","href":"https:\/\/api.w.org\/{rel}","templated":true}]}}