{"id":2105,"date":"2023-07-25T09:29:50","date_gmt":"2023-07-25T09:29:50","guid":{"rendered":"https:\/\/ajanskale.com\/?p=2105"},"modified":"2023-07-25T09:29:50","modified_gmt":"2023-07-25T09:29:50","slug":"milletvekili-ozturkten-kadro-aciklamasi","status":"publish","type":"post","link":"https:\/\/ajanskale.com\/index.php\/2023\/07\/25\/milletvekili-ozturkten-kadro-aciklamasi\/","title":{"rendered":"Milletvekili \u00d6zt\u00fcrk&#8217;ten kadro a\u00e7\u0131klamas\u0131"},"content":{"rendered":"<p>MHP K\u0131r\u0131kkale Milletvekili Halil \u00d6zt\u00fcrk fahri Kur\u2019an kursu \u00f6\u011freticilerinin kadroya ge\u00e7irilmesi gerekti\u011fini s\u00f6yledi.<br \/>\n\u00d6zt\u00fcrk yapt\u0131\u011f\u0131 a\u00e7\u0131klamada, &#8220;Fahri Kur\u2019an kursu \u00f6\u011freticileri, KPSS Din Hizmetleri Alan Bilgisi testinden yeterli puan\u0131 alan, 657 say\u0131l\u0131 Kanun\u2019un 48\u2019inci maddesinde belirtilen \u015fartlar\u0131 ta\u015f\u0131yan, \u00e7ocuk geli\u015fimi ve e\u011fitimi alan\u0131nda sertifika sahibi olan, ayr\u0131ca yap\u0131lan m\u00fclakatlarda ba\u015far\u0131l\u0131 olan nitelikli ki\u015filerdir.<br \/>\nBu \u00f6\u011freticiler, k\u0131s\u0131tl\u0131 imkanlarla kadrolularla benzer i\u015fi yapmakta ve ayn\u0131 eme\u011fi vermektedir ancak kadrolular\u0131n yararland\u0131\u011f\u0131 haklardan yararlanamamaktad\u0131r. Bu nedenle fahri Kur\u2019an kursu \u00f6\u011freticilerinin de kadroya al\u0131nmas\u0131 hususunda gerekli \u00e7al\u0131\u015fmalar ba\u015flat\u0131lmal\u0131d\u0131r.<br \/>\nSay\u0131lar\u0131 yakla\u015f\u0131k 25 bini bulan aileleriyle birlikte 100 bin ki\u015fiye yakla\u015fan bu karde\u015flerimizin ma\u011fduriyetleri ve hakl\u0131 talepleri bir an \u00f6nce kar\u015f\u0131lanmal\u0131 ve hak ettikleri kadroya ge\u00e7irilmeleri sa\u011flanmal\u0131d\u0131r.<br \/>\nFahri Kur\u2019an kursu \u00f6\u011freticilerimiz ahl\u00e2kl\u0131 ve \u015fuurlu nesillerin yeti\u015fmesi, Y\u00fcce dinimiz hakk\u0131nda do\u011fru bilginin \u00f6\u011frenilmesi i\u00e7in \u00e7al\u0131\u015fmaktad\u0131r. Toplumumuzun b\u00fcy\u00fck bir ihtiyac\u0131na ve talebine cevap veren bu karde\u015flerimiz ma\u011fdur edilmemeli, karde\u015flerimize huzur ve refah i\u00e7erisinde mesleklerini ideallerini ger\u00e7ekle\u015ftirme imk\u00e2n\u0131 tan\u0131nmal\u0131d\u0131r.<br \/>\nAsgari \u00fccretin alt\u0131nda bir \u00fccret kar\u015f\u0131l\u0131\u011f\u0131 \u00e7al\u0131\u015fan ve sigortalar\u0131 her ay eksik yatan \u00f6\u011freticilerimizin \u00f6zl\u00fck haklar\u0131na ili\u015fkin sorunlara vak\u0131f\u0131z ve \u00e7\u00f6z\u00fclmesi i\u00e7in TBMM olarak hep birlikte gerekli ad\u0131mlar\u0131n at\u0131lmas\u0131 ve bu hakl\u0131 talebin kar\u015f\u0131lanmas\u0131 elzemdir.<br \/>\nMilliyet\u00e7i Hareket Partisi toplumumuzun her sosyal kesiminin ihtiya\u00e7lar\u0131n\u0131, eksikliklerini bilmekte ve ona y\u00f6nelik \u00e7al\u0131\u015fmalar yapmaktad\u0131r. T\u00fcrk Milleti i\u00e7in \u00e7al\u0131\u015fmaya devam edece\u011fiz. &#8221; ifadelerine yer verdi.<\/p>\n","protected":false},"excerpt":{"rendered":"<p>MHP K\u0131r\u0131kkale Milletvekili Halil \u00d6zt\u00fcrk fahri Kur\u2019an kursu \u00f6\u011freticilerinin kadroya ge\u00e7irilmesi gerekti\u011fini s\u00f6yledi. \u00d6zt\u00fcrk yapt\u0131\u011f\u0131 a\u00e7\u0131klamada, &#8220;Fahri Kur\u2019an kursu \u00f6\u011freticileri, KPSS Din Hizmetleri Alan Bilgisi testinden yeterli puan\u0131 alan, 657 say\u0131l\u0131 Kanun\u2019un 48\u2019inci maddesinde belirtilen \u015fartlar\u0131 ta\u015f\u0131yan, \u00e7ocuk geli\u015fimi ve e\u011fitimi alan\u0131nda sertifika sahibi olan, ayr\u0131ca yap\u0131lan m\u00fclakatlarda ba\u015far\u0131l\u0131 olan nitelikli ki\u015filerdir. Bu \u00f6\u011freticiler, k\u0131s\u0131tl\u0131 &hellip;<\/p>\n","protected":false},"author":3,"featured_media":2106,"comment_status":"open","ping_status":"closed","sticky":false,"template":"","format":"standard","meta":{"_bbp_topic_count":0,"_bbp_reply_count":0,"_bbp_total_topic_count":0,"_bbp_total_reply_count":0,"_bbp_voice_count":0,"_bbp_anonymous_reply_count":0,"_bbp_topic_count_hidden":0,"_bbp_reply_count_hidden":0,"_bbp_forum_subforum_count":0,"footnotes":""},"categories":[1],"tags":[],"class_list":["post-2105","post","type-post","status-publish","format-standard","has-post-thumbnail","hentry","category-manset"],"amp_enabled":true,"_links":{"self":[{"href":"https:\/\/ajanskale.com\/index.php\/wp-json\/wp\/v2\/posts\/2105","targetHints":{"allow":["GET"]}}],"collection":[{"href":"https:\/\/ajanskale.com\/index.php\/wp-json\/wp\/v2\/posts"}],"about":[{"href":"https:\/\/ajanskale.com\/index.php\/wp-json\/wp\/v2\/types\/post"}],"author":[{"embeddable":true,"href":"https:\/\/ajanskale.com\/index.php\/wp-json\/wp\/v2\/users\/3"}],"replies":[{"embeddable":true,"href":"https:\/\/ajanskale.com\/index.php\/wp-json\/wp\/v2\/comments?post=2105"}],"version-history":[{"count":1,"href":"https:\/\/ajanskale.com\/index.php\/wp-json\/wp\/v2\/posts\/2105\/revisions"}],"predecessor-version":[{"id":2107,"href":"https:\/\/ajanskale.com\/index.php\/wp-json\/wp\/v2\/posts\/2105\/revisions\/2107"}],"wp:featuredmedia":[{"embeddable":true,"href":"https:\/\/ajanskale.com\/index.php\/wp-json\/wp\/v2\/media\/2106"}],"wp:attachment":[{"href":"https:\/\/ajanskale.com\/index.php\/wp-json\/wp\/v2\/media?parent=2105"}],"wp:term":[{"taxonomy":"category","embeddable":true,"href":"https:\/\/ajanskale.com\/index.php\/wp-json\/wp\/v2\/categories?post=2105"},{"taxonomy":"post_tag","embeddable":true,"href":"https:\/\/ajanskale.com\/index.php\/wp-json\/wp\/v2\/tags?post=2105"}],"curies":[{"name":"wp","href":"https:\/\/api.w.org\/{rel}","templated":true}]}}