{"id":2094,"date":"2023-06-09T09:16:16","date_gmt":"2023-06-09T09:16:16","guid":{"rendered":"https:\/\/ajanskale.com\/?p=2094"},"modified":"2023-06-09T09:22:14","modified_gmt":"2023-06-09T09:22:14","slug":"kirikkale-uluslararasi-yarista","status":"publish","type":"post","link":"https:\/\/ajanskale.com\/index.php\/2023\/06\/09\/kirikkale-uluslararasi-yarista\/","title":{"rendered":"K\u0131r\u0131kkale Uluslararas\u0131 Yar\u0131\u015fta"},"content":{"rendered":"<p>-KIRIKKALE ULUSLARARASI YARI\u015eTA<br \/>\n&#8211; Bir ilk daha, K\u0131r\u0131kkale\u2019de ilk kez d\u00fczenlenen Uluslararas\u0131 Road Race UCI 2.2 Bisiklet yol yar\u0131\u015f\u0131nda K\u0131r\u0131kkale\u2019de yar\u0131\u015f\u0131yor.<br \/>\nK\u0131r\u0131kkale Formas\u0131 giyecek olan profesyonel bisiklet sporcular\u0131 Antremanlar\u0131n\u0131 K\u0131r\u0131kkale sokaklar\u0131nda yapt\u0131. Uluslararas\u0131 15 tak\u0131m\u0131n yar\u0131\u015faca\u011f\u0131 Bisiklet yol yar\u0131\u015f\u0131 Cumartesi sabah 09.00 da Millet Bah\u00e7esi \u00f6n\u00fcnde start alacak. K\u0131r\u0131kkale Valisi B\u00fclent Tekb\u0131y\u0131ko\u011flu ve As Ba\u015fkan Bahattin Aky\u00f6n start bayra\u011f\u0131n\u0131 kald\u0131rmas\u0131 ile ba\u015flayacak. Elitler- B\u00fcy\u00fck erkekler kategorisinde 165 km. Pedal \u00e7evirecekler. Birinci etap Millet Bah\u00e7esi \u00f6n\u00fc, Hac\u0131lar, Karaahmetli, \u00c7e\u015fnigir, Karake\u00e7ili, \u00c7elebi, Haydar\u0131 Sultan, Konur, M\u00fcsellim, Keskin, Hasandede, Rafineri, K\u0131z\u0131l\u0131rmak kenar\u0131 ve Millet bah\u00e7esi \u00f6n\u00fcnde saat 12.30 gibi bitecek.<br \/>\n2. Etap \u00f6\u011fleden sonra Gen\u00e7ler kategorisinde ayn\u0131 g\u00fczergahta yar\u0131\u015facak. K\u0131r\u0131kkale\u2019nin do\u011fal ve \u00e7evre g\u00fczellikleri \u00f6ne \u00e7\u0131kan yar\u0131\u015fta K\u0131r\u0131kkale d\u00fcnyaya tan\u0131t\u0131lacak.<br \/>\nK\u0131r\u0131kkale Valisi B\u00fclent Tekb\u0131y\u0131ko\u011flu \u201c T\u00fcm sporculara ba\u015far\u0131lar diliyerek, K\u0131r\u0131kkale halk\u0131n\u0131 bu g\u00fczel yar\u0131\u015fa davet etti\u201d<br \/>\nAs Ba\u015fkan Bahattin Aky\u00f6n \u201c K\u0131r\u0131kkale Valimiz say\u0131n B\u00fclent Tekb\u0131y\u0131ko\u011flu\u2019na sonsuz te\u015fekk\u00fcr ediyorum, K\u0131r\u0131kkale in\u015fallah tarihi bir g\u00fcne, hem tak\u0131m, hem organizasyon ve hemde \u00fclkeleri misafir ederek imza at\u0131yor. K\u0131r\u0131kkale d\u00fcnyaya a\u00e7\u0131l\u0131yor\u201d<\/p>\n<p><img loading=\"lazy\" decoding=\"async\" class=\"alignnone size-medium wp-image-2096\" src=\"https:\/\/ajanskale.com\/wp-content\/uploads\/2023\/06\/c74efbc7-9b55-4a20-8399-5d1377141a50-300x300.jpg\" alt=\"\" width=\"300\" height=\"300\" srcset=\"https:\/\/ajanskale.com\/wp-content\/uploads\/2023\/06\/c74efbc7-9b55-4a20-8399-5d1377141a50-300x300.jpg 300w, https:\/\/ajanskale.com\/wp-content\/uploads\/2023\/06\/c74efbc7-9b55-4a20-8399-5d1377141a50-1024x1024.jpg 1024w, https:\/\/ajanskale.com\/wp-content\/uploads\/2023\/06\/c74efbc7-9b55-4a20-8399-5d1377141a50-150x150.jpg 150w, https:\/\/ajanskale.com\/wp-content\/uploads\/2023\/06\/c74efbc7-9b55-4a20-8399-5d1377141a50-768x768.jpg 768w, https:\/\/ajanskale.com\/wp-content\/uploads\/2023\/06\/c74efbc7-9b55-4a20-8399-5d1377141a50.jpg 1080w\" sizes=\"auto, (max-width: 300px) 100vw, 300px\" \/><\/p>\n","protected":false},"excerpt":{"rendered":"<p>-KIRIKKALE ULUSLARARASI YARI\u015eTA &#8211; Bir ilk daha, K\u0131r\u0131kkale\u2019de ilk kez d\u00fczenlenen Uluslararas\u0131 Road Race UCI 2.2 Bisiklet yol yar\u0131\u015f\u0131nda K\u0131r\u0131kkale\u2019de yar\u0131\u015f\u0131yor. K\u0131r\u0131kkale Formas\u0131 giyecek olan profesyonel bisiklet sporcular\u0131 Antremanlar\u0131n\u0131 K\u0131r\u0131kkale sokaklar\u0131nda yapt\u0131. Uluslararas\u0131 15 tak\u0131m\u0131n yar\u0131\u015faca\u011f\u0131 Bisiklet yol yar\u0131\u015f\u0131 Cumartesi sabah 09.00 da Millet Bah\u00e7esi \u00f6n\u00fcnde start alacak. K\u0131r\u0131kkale Valisi B\u00fclent Tekb\u0131y\u0131ko\u011flu ve As Ba\u015fkan &hellip;<\/p>\n","protected":false},"author":3,"featured_media":2099,"comment_status":"open","ping_status":"closed","sticky":false,"template":"","format":"standard","meta":{"_bbp_topic_count":0,"_bbp_reply_count":0,"_bbp_total_topic_count":0,"_bbp_total_reply_count":0,"_bbp_voice_count":0,"_bbp_anonymous_reply_count":0,"_bbp_topic_count_hidden":0,"_bbp_reply_count_hidden":0,"_bbp_forum_subforum_count":0,"footnotes":""},"categories":[2,1,5],"tags":[],"class_list":["post-2094","post","type-post","status-publish","format-standard","has-post-thumbnail","hentry","category-guncel","category-manset","category-spor"],"amp_enabled":true,"_links":{"self":[{"href":"https:\/\/ajanskale.com\/index.php\/wp-json\/wp\/v2\/posts\/2094","targetHints":{"allow":["GET"]}}],"collection":[{"href":"https:\/\/ajanskale.com\/index.php\/wp-json\/wp\/v2\/posts"}],"about":[{"href":"https:\/\/ajanskale.com\/index.php\/wp-json\/wp\/v2\/types\/post"}],"author":[{"embeddable":true,"href":"https:\/\/ajanskale.com\/index.php\/wp-json\/wp\/v2\/users\/3"}],"replies":[{"embeddable":true,"href":"https:\/\/ajanskale.com\/index.php\/wp-json\/wp\/v2\/comments?post=2094"}],"version-history":[{"count":1,"href":"https:\/\/ajanskale.com\/index.php\/wp-json\/wp\/v2\/posts\/2094\/revisions"}],"predecessor-version":[{"id":2097,"href":"https:\/\/ajanskale.com\/index.php\/wp-json\/wp\/v2\/posts\/2094\/revisions\/2097"}],"wp:featuredmedia":[{"embeddable":true,"href":"https:\/\/ajanskale.com\/index.php\/wp-json\/wp\/v2\/media\/2099"}],"wp:attachment":[{"href":"https:\/\/ajanskale.com\/index.php\/wp-json\/wp\/v2\/media?parent=2094"}],"wp:term":[{"taxonomy":"category","embeddable":true,"href":"https:\/\/ajanskale.com\/index.php\/wp-json\/wp\/v2\/categories?post=2094"},{"taxonomy":"post_tag","embeddable":true,"href":"https:\/\/ajanskale.com\/index.php\/wp-json\/wp\/v2\/tags?post=2094"}],"curies":[{"name":"wp","href":"https:\/\/api.w.org\/{rel}","templated":true}]}}