{"id":1028,"date":"2022-10-22T19:32:05","date_gmt":"2022-10-22T19:32:05","guid":{"rendered":"https:\/\/ajanskale.com\/?p=1028"},"modified":"2022-10-22T19:32:05","modified_gmt":"2022-10-22T19:32:05","slug":"kamuda-calisan-tum-taseron-kardeslerimize-daimi-kadro-verilmeli","status":"publish","type":"post","link":"https:\/\/ajanskale.com\/index.php\/2022\/10\/22\/kamuda-calisan-tum-taseron-kardeslerimize-daimi-kadro-verilmeli\/","title":{"rendered":"KAMUDA \u00c7ALI\u015eAN T\u00dcM TA\u015eERON KARDE\u015eLER\u0130M\u0130ZE DA\u0130M\u0130 KADRO VER\u0130LMEL\u0130"},"content":{"rendered":"<h2>Milliyet\u00e7i Hareket Partisi (MHP) Merkez Disiplin Kurulu Ba\u015fkan\u0131 ve K\u0131r\u0131kkale Milletvekili Av. Halil \u00d6zt\u00fcrk, T\u00fcrkiye B\u00fcy\u00fck Millet Meclisi (TBMM) Genel Kurulu\u2019nda \u00f6zel bir konu\u015fma yaparak, kamuda ta\u015feron i\u015f\u00e7i olarak \u00e7al\u0131\u015fanlar\u0131n ayr\u0131m yap\u0131lmaks\u0131z\u0131n daimi kadroya ge\u00e7irilmesini istedi.<\/h2>\n<p><strong>KAMUDA \u00c7ALI\u015eAN T\u00dcM TA\u015eERON KARDE\u015eLER\u0130M\u0130ZE DA\u0130M\u0130 KADRO VER\u0130LMEL\u0130\u00a0\u00a0\u00a0<\/strong><\/p>\n<p>MHP Milletvekili \u00d6zt\u00fcrk TBMM Genel Kurulu\u2019ndaki dikkat \u00e7ekici konu\u015fmas\u0131nda; \u201cBelediyelerde, karayollar\u0131nda, PTT\u2019de ta\u015feron \u00e7al\u0131\u015fan olarak istihdam edilen i\u015f\u00e7i karde\u015flerimiz, daimi kadroya ge\u00e7meyi beklemektedirler. \u00d6zellikle karayollar\u0131nda ta\u015feron olarak istihdam edilen ve as\u0131l i\u015fi yapan karde\u015flerimizin g\u00f6z\u00fc-kula\u011f\u0131 kendilerine verilecek m\u00fcjdeli haberlerdedir. Bu bak\u0131mdan karayollar\u0131 olsun, di\u011fer kurumlar olsun daimi i\u015f\u00e7i kadrosu; ayr\u0131m yap\u0131lmaks\u0131z\u0131n t\u00fcm \u00e7al\u0131\u015fan karde\u015flerimizi kapsamal\u0131d\u0131r.\u201d diyerek, ta\u015feron olarak \u00e7al\u0131\u015fanlar\u0131n beklentilerinin kar\u015f\u0131lanmas\u0131n\u0131 istedi.<\/p>\n<p><strong>KARAYOLLARINDA \u00c7ALI\u015eAN TA\u015eERON \u0130\u015e\u00c7\u0130LER\u0130N G\u00d6Z\u00dc KULA\u011eI TBMM\u2019DE<\/strong><\/p>\n<p>MHP\u2019li \u00d6zt\u00fcrk, daimi kadro meselesinin; t\u00fcm kurumlarda \u00e7al\u0131\u015fan ta\u015feron i\u015f\u00e7ileri mazeretsiz kapsamas\u0131 gerekti\u011fini belirten konu\u015fmas\u0131nda; \u201cKarayollar\u0131nda \u2018anahtar teslimi\u2019 olarak g\u00f6sterilip, yol bak\u0131m, karla m\u00fccadele, trafik i\u015faretleme gibi i\u015flerde neredeyse 15 y\u0131l\u0131 a\u015fk\u0131n s\u00fcreyle \u00e7al\u0131\u015fan ta\u015feron i\u015f\u00e7i karde\u015flerimizin, daimi kadro \u00e7al\u0131\u015fmalar\u0131nda g\u00f6z ard\u0131 edilmemesi gereklidir. Bu \u00e7al\u0131\u015fanlar\u0131m\u0131z daimi i\u015f\u00e7i kadrosuna al\u0131narak; y\u0131llard\u0131r ya\u011fmur, \u00e7amur, g\u00fcne\u015f alt\u0131nda emeklerinin kar\u015f\u0131l\u0131\u011f\u0131 verilmeli, aileleri ile birlikte sevindirilmelidir. Yan\u0131 s\u0131ra devletteki t\u00fcm kurum ve kurulu\u015flardaki ta\u015feron \u00e7al\u0131\u015fanlar\u0131m\u0131z da kapsam i\u00e7ine d\u00e2hil edilerek daimi kadro alabilmeleri sa\u011flanmal\u0131d\u0131r.\u201d dedi<\/p>\n<p>.<a href=\"https:\/\/www.facebook.com\/avukathalilozturk\/videos\/670848334309323\" target=\"_blank\" rel=\"noopener\">https:\/\/www.facebook.com\/avukathalilozturk\/videos\/670848334309323<\/a><\/p>\n","protected":false},"excerpt":{"rendered":"<p>Milliyet\u00e7i Hareket Partisi (MHP) Merkez Disiplin Kurulu Ba\u015fkan\u0131 ve K\u0131r\u0131kkale Milletvekili Av. Halil \u00d6zt\u00fcrk, T\u00fcrkiye B\u00fcy\u00fck Millet Meclisi (TBMM) Genel Kurulu\u2019nda \u00f6zel bir konu\u015fma yaparak, kamuda ta\u015feron i\u015f\u00e7i olarak \u00e7al\u0131\u015fanlar\u0131n ayr\u0131m yap\u0131lmaks\u0131z\u0131n daimi kadroya ge\u00e7irilmesini istedi. KAMUDA \u00c7ALI\u015eAN T\u00dcM TA\u015eERON KARDE\u015eLER\u0130M\u0130ZE DA\u0130M\u0130 KADRO VER\u0130LMEL\u0130\u00a0\u00a0\u00a0 MHP Milletvekili \u00d6zt\u00fcrk TBMM Genel Kurulu\u2019ndaki dikkat \u00e7ekici konu\u015fmas\u0131nda; \u201cBelediyelerde, karayollar\u0131nda, &hellip;<\/p>\n","protected":false},"author":3,"featured_media":1029,"comment_status":"open","ping_status":"closed","sticky":false,"template":"","format":"standard","meta":{"_bbp_topic_count":0,"_bbp_reply_count":0,"_bbp_total_topic_count":0,"_bbp_total_reply_count":0,"_bbp_voice_count":0,"_bbp_anonymous_reply_count":0,"_bbp_topic_count_hidden":0,"_bbp_reply_count_hidden":0,"_bbp_forum_subforum_count":0,"footnotes":""},"categories":[1],"tags":[],"class_list":["post-1028","post","type-post","status-publish","format-standard","has-post-thumbnail","hentry","category-manset"],"amp_enabled":true,"_links":{"self":[{"href":"https:\/\/ajanskale.com\/index.php\/wp-json\/wp\/v2\/posts\/1028","targetHints":{"allow":["GET"]}}],"collection":[{"href":"https:\/\/ajanskale.com\/index.php\/wp-json\/wp\/v2\/posts"}],"about":[{"href":"https:\/\/ajanskale.com\/index.php\/wp-json\/wp\/v2\/types\/post"}],"author":[{"embeddable":true,"href":"https:\/\/ajanskale.com\/index.php\/wp-json\/wp\/v2\/users\/3"}],"replies":[{"embeddable":true,"href":"https:\/\/ajanskale.com\/index.php\/wp-json\/wp\/v2\/comments?post=1028"}],"version-history":[{"count":1,"href":"https:\/\/ajanskale.com\/index.php\/wp-json\/wp\/v2\/posts\/1028\/revisions"}],"predecessor-version":[{"id":1030,"href":"https:\/\/ajanskale.com\/index.php\/wp-json\/wp\/v2\/posts\/1028\/revisions\/1030"}],"wp:featuredmedia":[{"embeddable":true,"href":"https:\/\/ajanskale.com\/index.php\/wp-json\/wp\/v2\/media\/1029"}],"wp:attachment":[{"href":"https:\/\/ajanskale.com\/index.php\/wp-json\/wp\/v2\/media?parent=1028"}],"wp:term":[{"taxonomy":"category","embeddable":true,"href":"https:\/\/ajanskale.com\/index.php\/wp-json\/wp\/v2\/categories?post=1028"},{"taxonomy":"post_tag","embeddable":true,"href":"https:\/\/ajanskale.com\/index.php\/wp-json\/wp\/v2\/tags?post=1028"}],"curies":[{"name":"wp","href":"https:\/\/api.w.org\/{rel}","templated":true}]}}